{"id":140213,"date":"2019-12-09T14:50:49","date_gmt":"2019-12-09T17:50:49","guid":{"rendered":"http:\/\/www.caririemacao.com\/1\/?p=140213"},"modified":"2019-12-09T14:50:49","modified_gmt":"2019-12-09T17:50:49","slug":"renda-brasil-bolsonaro-ira-mudar-nome-do-bolsa-familia","status":"publish","type":"post","link":"https:\/\/www.caririemacao.com\/1\/2019\/12\/09\/renda-brasil-bolsonaro-ira-mudar-nome-do-bolsa-familia\/","title":{"rendered":"Renda Brasil: Bolsonaro ir\u00e1 mudar nome do Bolsa Fam\u00edlia"},"content":{"rendered":"\n<p>O processo de \u201cdespetiza\u00e7\u00e3o\u201d dos programas e pol\u00edticas nacionais, em especial as federais, seguem a todo vapor pelo&nbsp;<strong>Governo Bolsonaro<\/strong>. Desde o in\u00edcio do ano, o atual chefe do executivo cogitava a ideia de mudar o nome do&nbsp;<strong>Bolsa Fam\u00edlia<\/strong>. Agora, a ideia \u00e9 que o nome seja \u201c<strong>Renda Brasil<\/strong>\u201d.<\/p>\n\n\n\n<p>A nova designa\u00e7\u00e3o foi escolhida dentro do projeto governamental e decidida em comum acordo entre os Minist\u00e9rios da Cidadania, Casa Civil e Economia. Nome simboliza nova fase do programa, mas que na pr\u00e1tica replica a mesma pol\u00edtica assistencial criada em 2003 pelo presidente Lula.<\/p>\n\n\n\n<p>Agora, falta apenas\u00a0Jair Bolsonaro\u00a0aceitar a proposta da nova quest\u00e3o. O programa dever\u00e1 ser relan\u00e7ado nos pr\u00f3ximos meses com algumas mudan\u00e7as, como o pagamento do\u00a013\u00ba sal\u00e1rio\u00a0\u2013 uma novidade do atual governo.<\/p>\n\n\n\n<p>Esse novo benef\u00edcio j\u00e1 est\u00e1 sendo pago, em dezembro, junto ao benef\u00edcio mensal. A data segue calend\u00e1rio normal de pagamentos anunciado pelo governo em 2018. J\u00e1 os dias exatos do pagamento variam de acordo com o \u00faltimo d\u00edgito do N\u00famero de Identifica\u00e7\u00e3o Social (NIS), tamb\u00e9m chamado como PIS ou NIT.<\/p>\n\n\n\n<h3 class=\"wp-block-heading\">Bolsa Fam\u00edlia<\/h3>\n\n\n\n<p>O Bolsa Fam\u00edlia \u00e9 um programa de transfer\u00eancia direta de renda. Os valores s\u00e3o destinados \u00e0s fam\u00edlias em situa\u00e7\u00e3o de pobreza e de extrema pobreza em todo o pa\u00eds. O intuito \u00e9 que, por meio de assist\u00eancia, essas pessoas consigam superar a situa\u00e7\u00e3o de vulnerabilidade. E que tenham um recurso a mais, que normalmente n\u00e3o teriam.<\/p>\n\n\n\n<p>Hoje, em todo o Brasil, mais de 13,9 milh\u00f5es de lares s\u00e3o atendidos pelo Bolsa Fam\u00edlia. E j\u00e1 garantiu que milh\u00f5es de fam\u00edlias brasileiras tivessem direito \u00e0 alimenta\u00e7\u00e3o, acesso \u00e0 sa\u00fade e educa\u00e7\u00e3o.<\/p>\n\n\n\n<p>O programa foi institu\u00eddo no Governo Lula pela Medida Provis\u00f3ria (MP) 132\/2003, e convertida, em 9 de janeiro de 2004, em Lei Federal sob o n\u00ba 10.836. Com a san\u00e7\u00e3o, o Bolsa Fam\u00edlia unificou e ampliou outros programas assistenciais que eram destinados a transfer\u00eancia de rendas.<\/p>\n\n\n\n<p>Os projetos unificados foram o Programa Nacional de Renda M\u00ednima vinculada \u00e0 Educa\u00e7\u00e3o \u2013 Bolsa Escola; Cadastramento \u00danico do Governo Federal; Programa Nacional de Renda M\u00ednima vinculada \u00e0 Sa\u00fade \u2013 Bolsa Alimenta\u00e7\u00e3o; Programa Aux\u00edlio-G\u00e1s e o Programa Nacional de Acesso \u00e0 Alimenta\u00e7\u00e3o \u2013 Fome Zero. Os quatro primeiros foram sancionados no Governo de Fernando Henrique Cardoso e o \u00faltimo, no Governo Lula.<\/p>\n\n\n\n<p><\/p>\n","protected":false},"excerpt":{"rendered":"<p>O processo de \u201cdespetiza\u00e7\u00e3o\u201d dos programas e pol\u00edticas nacionais, em especial as federais, seguem a todo vapor pelo&nbsp;Governo Bolsonaro. Desde o in\u00edcio do ano, o&hellip; <\/p>\n","protected":false},"author":1,"featured_media":140214,"comment_status":"closed","ping_status":"closed","sticky":false,"template":"","format":"standard","meta":{"sfsi_plus_gutenberg_text_before_share":"","sfsi_plus_gutenberg_show_text_before_share":"","sfsi_plus_gutenberg_icon_type":"","sfsi_plus_gutenberg_icon_alignemt":"","sfsi_plus_gutenburg_max_per_row":"","footnotes":""},"categories":[50,11],"tags":[],"class_list":["post-140213","post","type-post","status-publish","format-standard","has-post-thumbnail","hentry","category-destaque","category-politica"],"_links":{"self":[{"href":"https:\/\/www.caririemacao.com\/1\/wp-json\/wp\/v2\/posts\/140213","targetHints":{"allow":["GET"]}}],"collection":[{"href":"https:\/\/www.caririemacao.com\/1\/wp-json\/wp\/v2\/posts"}],"about":[{"href":"https:\/\/www.caririemacao.com\/1\/wp-json\/wp\/v2\/types\/post"}],"author":[{"embeddable":true,"href":"https:\/\/www.caririemacao.com\/1\/wp-json\/wp\/v2\/users\/1"}],"replies":[{"embeddable":true,"href":"https:\/\/www.caririemacao.com\/1\/wp-json\/wp\/v2\/comments?post=140213"}],"version-history":[{"count":1,"href":"https:\/\/www.caririemacao.com\/1\/wp-json\/wp\/v2\/posts\/140213\/revisions"}],"predecessor-version":[{"id":140215,"href":"https:\/\/www.caririemacao.com\/1\/wp-json\/wp\/v2\/posts\/140213\/revisions\/140215"}],"wp:featuredmedia":[{"embeddable":true,"href":"https:\/\/www.caririemacao.com\/1\/wp-json\/wp\/v2\/media\/140214"}],"wp:attachment":[{"href":"https:\/\/www.caririemacao.com\/1\/wp-json\/wp\/v2\/media?parent=140213"}],"wp:term":[{"taxonomy":"category","embeddable":true,"href":"https:\/\/www.caririemacao.com\/1\/wp-json\/wp\/v2\/categories?post=140213"},{"taxonomy":"post_tag","embeddable":true,"href":"https:\/\/www.caririemacao.com\/1\/wp-json\/wp\/v2\/tags?post=140213"}],"curies":[{"name":"wp","href":"https:\/\/api.w.org\/{rel}","templated":true}]}}