{"id":140222,"date":"2019-12-09T20:57:24","date_gmt":"2019-12-09T23:57:24","guid":{"rendered":"http:\/\/www.caririemacao.com\/1\/?p=140222"},"modified":"2019-12-09T20:57:24","modified_gmt":"2019-12-09T23:57:24","slug":"corpo-de-bombeiros-com-apoio-de-populares-controla-chamas-na-zona-rural-de-monteiro","status":"publish","type":"post","link":"https:\/\/www.caririemacao.com\/1\/2019\/12\/09\/corpo-de-bombeiros-com-apoio-de-populares-controla-chamas-na-zona-rural-de-monteiro\/","title":{"rendered":"Corpo de Bombeiros com apoio de populares controla chamas na zona rural de Monteiro"},"content":{"rendered":"\n<p>Uma boa not\u00edcia para os moradores das comunidades de Limit\u00e3o, Picos, Serra Branca e Pernambuquinho, o fogo que atingiu a zona rural neste ultimo final de semana foi contido na tarde desta segunda-feira (09) pelo corpo de bombeiros com o apoio dos moradores locais.<\/p>\n\n\n\n<p>Moradores dos s\u00edtio Uru\u00e7u e Moconha est\u00e3o sofrendo com o fogo sem controle que se aproxima das casas<strong>.<\/strong><\/p>\n\n\n\n<p>Monteiro enfrenta o pior per\u00edodo de inc\u00eandios nas comunidades rurais, a Policia Civil investiga se os mesmo est\u00e3o ocorrendo de forma criminosa.<\/p>\n\n\n\n<div class=\"wp-block-image\"><figure class=\"aligncenter\"><a href=\"https:\/\/www.portaltvcariri.com.br\/corpo-de-bombeiros-com-apoio-de-populares-controla-chamas-na-zona-rural-de-monteiro\/whatsapp-image-2019-12-09-at-16-11-48\/\"><img decoding=\"async\" data-src=\"https:\/\/www.portaltvcariri.com.br\/wp-content\/uploads\/2019\/12\/WhatsApp-Image-2019-12-09-at-16.11.48.jpeg\" alt=\"\" class=\"wp-image-99947 lazyload\" src=\"data:image\/svg+xml;base64,PHN2ZyB3aWR0aD0iMSIgaGVpZ2h0PSIxIiB4bWxucz0iaHR0cDovL3d3dy53My5vcmcvMjAwMC9zdmciPjwvc3ZnPg==\" \/><\/a><\/figure><\/div>\n\n\n\n<div class=\"wp-block-image\"><figure class=\"aligncenter\"><a href=\"https:\/\/www.portaltvcariri.com.br\/corpo-de-bombeiros-com-apoio-de-populares-controla-chamas-na-zona-rural-de-monteiro\/whatsapp-image-2019-12-09-at-16-12-40\/\"><img decoding=\"async\" data-src=\"https:\/\/www.portaltvcariri.com.br\/wp-content\/uploads\/2019\/12\/WhatsApp-Image-2019-12-09-at-16.12.40.jpeg\" alt=\"\" class=\"wp-image-99946 lazyload\" src=\"data:image\/svg+xml;base64,PHN2ZyB3aWR0aD0iMSIgaGVpZ2h0PSIxIiB4bWxucz0iaHR0cDovL3d3dy53My5vcmcvMjAwMC9zdmciPjwvc3ZnPg==\" \/><\/a><\/figure><\/div>\n\n\n\n<h2 class=\"wp-block-heading\"><\/h2>\n\n\n\n<p>Portal TV Cariri<\/p>\n","protected":false},"excerpt":{"rendered":"<p>Uma boa not\u00edcia para os moradores das comunidades de Limit\u00e3o, Picos, Serra Branca e Pernambuquinho, o fogo que atingiu a zona rural neste ultimo final&hellip; <\/p>\n","protected":false},"author":1,"featured_media":140223,"comment_status":"closed","ping_status":"closed","sticky":false,"template":"","format":"standard","meta":{"sfsi_plus_gutenberg_text_before_share":"","sfsi_plus_gutenberg_show_text_before_share":"","sfsi_plus_gutenberg_icon_type":"","sfsi_plus_gutenberg_icon_alignemt":"","sfsi_plus_gutenburg_max_per_row":"","footnotes":""},"categories":[2],"tags":[],"class_list":["post-140222","post","type-post","status-publish","format-standard","has-post-thumbnail","hentry","category-geral"],"_links":{"self":[{"href":"https:\/\/www.caririemacao.com\/1\/wp-json\/wp\/v2\/posts\/140222","targetHints":{"allow":["GET"]}}],"collection":[{"href":"https:\/\/www.caririemacao.com\/1\/wp-json\/wp\/v2\/posts"}],"about":[{"href":"https:\/\/www.caririemacao.com\/1\/wp-json\/wp\/v2\/types\/post"}],"author":[{"embeddable":true,"href":"https:\/\/www.caririemacao.com\/1\/wp-json\/wp\/v2\/users\/1"}],"replies":[{"embeddable":true,"href":"https:\/\/www.caririemacao.com\/1\/wp-json\/wp\/v2\/comments?post=140222"}],"version-history":[{"count":1,"href":"https:\/\/www.caririemacao.com\/1\/wp-json\/wp\/v2\/posts\/140222\/revisions"}],"predecessor-version":[{"id":140224,"href":"https:\/\/www.caririemacao.com\/1\/wp-json\/wp\/v2\/posts\/140222\/revisions\/140224"}],"wp:featuredmedia":[{"embeddable":true,"href":"https:\/\/www.caririemacao.com\/1\/wp-json\/wp\/v2\/media\/140223"}],"wp:attachment":[{"href":"https:\/\/www.caririemacao.com\/1\/wp-json\/wp\/v2\/media?parent=140222"}],"wp:term":[{"taxonomy":"category","embeddable":true,"href":"https:\/\/www.caririemacao.com\/1\/wp-json\/wp\/v2\/categories?post=140222"},{"taxonomy":"post_tag","embeddable":true,"href":"https:\/\/www.caririemacao.com\/1\/wp-json\/wp\/v2\/tags?post=140222"}],"curies":[{"name":"wp","href":"https:\/\/api.w.org\/{rel}","templated":true}]}}