{"id":140227,"date":"2019-12-10T07:49:00","date_gmt":"2019-12-10T10:49:00","guid":{"rendered":"http:\/\/www.caririemacao.com\/1\/?p=140227"},"modified":"2019-12-10T07:49:00","modified_gmt":"2019-12-10T10:49:00","slug":"prefeito-de-zabele-consegue-investimentos-para-area-da-saude","status":"publish","type":"post","link":"https:\/\/www.caririemacao.com\/1\/2019\/12\/10\/prefeito-de-zabele-consegue-investimentos-para-area-da-saude\/","title":{"rendered":"Prefeito de Zabel\u00ea consegue investimentos para \u00e1rea da sa\u00fade"},"content":{"rendered":"\n<p>O prefeito do munic\u00edpio de Zabel\u00ea, Dalyson Neves (PSDB), n\u00e3o conseguiu esconder a euforia com a not\u00edcia da destina\u00e7\u00e3o de uma emenda parlamentar no valor de R$ 200.000,00 ( duzentos mil reais) por parte da senadora&nbsp; Daniella Ribeiro (Progressistas) para o custeio da UBS do munic\u00edpio.<\/p>\n\n\n\n<p>Como n\u00e3o poderia ser de outra forma, a emenda foi recebida com festa pelo gestor munic\u00edpal. Com isso, ele reafirmou o seu compromisso com o munic\u00edpio proporcionando mais sa\u00fade e bem estar da popula\u00e7\u00e3o.<\/p>\n\n\n\n<p>\u201d Esse valor vai dar um \u201capgrade\u201d&nbsp; nos servicos j\u00e1 oferecidos pela UBS. Para 2020, muito ainda ser\u00e1 feito. A parceria com a senadora Daniella Ribeiro com certeza render\u00e1 bons frutos para nossa cidade\u201d, afirmou o prefeito.<\/p>\n\n\n\n<p>Segundo ele, os recursos j\u00e1 est\u00e3o creditados na conta do Fundo Municipal de Sa\u00fade.<\/p>\n","protected":false},"excerpt":{"rendered":"<p>O prefeito do munic\u00edpio de Zabel\u00ea, Dalyson Neves (PSDB), n\u00e3o conseguiu esconder a euforia com a not\u00edcia da destina\u00e7\u00e3o de uma emenda parlamentar no valor&hellip; <\/p>\n","protected":false},"author":1,"featured_media":140228,"comment_status":"closed","ping_status":"closed","sticky":false,"template":"","format":"standard","meta":{"sfsi_plus_gutenberg_text_before_share":"","sfsi_plus_gutenberg_show_text_before_share":"","sfsi_plus_gutenberg_icon_type":"","sfsi_plus_gutenberg_icon_alignemt":"","sfsi_plus_gutenburg_max_per_row":"","footnotes":""},"categories":[6],"tags":[],"class_list":["post-140227","post","type-post","status-publish","format-standard","has-post-thumbnail","hentry","category-cidades"],"_links":{"self":[{"href":"https:\/\/www.caririemacao.com\/1\/wp-json\/wp\/v2\/posts\/140227","targetHints":{"allow":["GET"]}}],"collection":[{"href":"https:\/\/www.caririemacao.com\/1\/wp-json\/wp\/v2\/posts"}],"about":[{"href":"https:\/\/www.caririemacao.com\/1\/wp-json\/wp\/v2\/types\/post"}],"author":[{"embeddable":true,"href":"https:\/\/www.caririemacao.com\/1\/wp-json\/wp\/v2\/users\/1"}],"replies":[{"embeddable":true,"href":"https:\/\/www.caririemacao.com\/1\/wp-json\/wp\/v2\/comments?post=140227"}],"version-history":[{"count":1,"href":"https:\/\/www.caririemacao.com\/1\/wp-json\/wp\/v2\/posts\/140227\/revisions"}],"predecessor-version":[{"id":140229,"href":"https:\/\/www.caririemacao.com\/1\/wp-json\/wp\/v2\/posts\/140227\/revisions\/140229"}],"wp:featuredmedia":[{"embeddable":true,"href":"https:\/\/www.caririemacao.com\/1\/wp-json\/wp\/v2\/media\/140228"}],"wp:attachment":[{"href":"https:\/\/www.caririemacao.com\/1\/wp-json\/wp\/v2\/media?parent=140227"}],"wp:term":[{"taxonomy":"category","embeddable":true,"href":"https:\/\/www.caririemacao.com\/1\/wp-json\/wp\/v2\/categories?post=140227"},{"taxonomy":"post_tag","embeddable":true,"href":"https:\/\/www.caririemacao.com\/1\/wp-json\/wp\/v2\/tags?post=140227"}],"curies":[{"name":"wp","href":"https:\/\/api.w.org\/{rel}","templated":true}]}}