{"id":140230,"date":"2019-12-10T07:50:51","date_gmt":"2019-12-10T10:50:51","guid":{"rendered":"http:\/\/www.caririemacao.com\/1\/?p=140230"},"modified":"2019-12-10T07:50:51","modified_gmt":"2019-12-10T10:50:51","slug":"em-monteiro-oticas-nossa-senhora-das-dores-recebe-premio-referencia-2019","status":"publish","type":"post","link":"https:\/\/www.caririemacao.com\/1\/2019\/12\/10\/em-monteiro-oticas-nossa-senhora-das-dores-recebe-premio-referencia-2019\/","title":{"rendered":"EM MONTEIRO: \u00d3ticas Nossa Senhora das Dores Recebe pr\u00eamio refer\u00eancia 2019"},"content":{"rendered":"\n<p>As \u00d3ticas Nossa Senhora das Dores dos munic\u00edpios de Monteiro, Sum\u00e9 e Serra Branca ganharam o pr\u00eamio refer\u00eancia 2019, como empresa destaque no cariri, um reconhecimento pelo excelente servi\u00e7o prestado pela empresa em toda regi\u00e3o do Cariri Paraibano.<\/p>\n\n\n\n<p>O empres\u00e1rio Jeferson Oliveira propriet\u00e1rio das \u00d3ticas Nossa Senhora das Dores, Agradeceram aos consumidores pelo pr\u00eamio que reconhece as \u00d3ticas Nossa Senhora das Dores por sua qualidade no atendimento al\u00e9m de oferecer itens de grandes marcas com pre\u00e7os e condi\u00e7\u00f5es acess\u00edveis. \u201cPrestamos nossos servi\u00e7o com muito amor e dedica\u00e7\u00e3o para melhor servir aos clientes\u201d finalizou o empres\u00e1rio Jeferson Oliveira<br>A entrega da premia\u00e7\u00e3o aconteceu no \u00faltimo s\u00e1bado dia (07) de dezembro no Clube Municipal Alexandre da Silva Brito em Monteiro.<\/p>\n","protected":false},"excerpt":{"rendered":"<p>As \u00d3ticas Nossa Senhora das Dores dos munic\u00edpios de Monteiro, Sum\u00e9 e Serra Branca ganharam o pr\u00eamio refer\u00eancia 2019, como empresa destaque no cariri, um&hellip; <\/p>\n","protected":false},"author":1,"featured_media":140231,"comment_status":"closed","ping_status":"closed","sticky":false,"template":"","format":"standard","meta":{"sfsi_plus_gutenberg_text_before_share":"","sfsi_plus_gutenberg_show_text_before_share":"","sfsi_plus_gutenberg_icon_type":"","sfsi_plus_gutenberg_icon_alignemt":"","sfsi_plus_gutenburg_max_per_row":"","footnotes":""},"categories":[6],"tags":[],"class_list":["post-140230","post","type-post","status-publish","format-standard","has-post-thumbnail","hentry","category-cidades"],"_links":{"self":[{"href":"https:\/\/www.caririemacao.com\/1\/wp-json\/wp\/v2\/posts\/140230","targetHints":{"allow":["GET"]}}],"collection":[{"href":"https:\/\/www.caririemacao.com\/1\/wp-json\/wp\/v2\/posts"}],"about":[{"href":"https:\/\/www.caririemacao.com\/1\/wp-json\/wp\/v2\/types\/post"}],"author":[{"embeddable":true,"href":"https:\/\/www.caririemacao.com\/1\/wp-json\/wp\/v2\/users\/1"}],"replies":[{"embeddable":true,"href":"https:\/\/www.caririemacao.com\/1\/wp-json\/wp\/v2\/comments?post=140230"}],"version-history":[{"count":1,"href":"https:\/\/www.caririemacao.com\/1\/wp-json\/wp\/v2\/posts\/140230\/revisions"}],"predecessor-version":[{"id":140232,"href":"https:\/\/www.caririemacao.com\/1\/wp-json\/wp\/v2\/posts\/140230\/revisions\/140232"}],"wp:featuredmedia":[{"embeddable":true,"href":"https:\/\/www.caririemacao.com\/1\/wp-json\/wp\/v2\/media\/140231"}],"wp:attachment":[{"href":"https:\/\/www.caririemacao.com\/1\/wp-json\/wp\/v2\/media?parent=140230"}],"wp:term":[{"taxonomy":"category","embeddable":true,"href":"https:\/\/www.caririemacao.com\/1\/wp-json\/wp\/v2\/categories?post=140230"},{"taxonomy":"post_tag","embeddable":true,"href":"https:\/\/www.caririemacao.com\/1\/wp-json\/wp\/v2\/tags?post=140230"}],"curies":[{"name":"wp","href":"https:\/\/api.w.org\/{rel}","templated":true}]}}