{"id":140234,"date":"2019-12-10T07:51:40","date_gmt":"2019-12-10T10:51:40","guid":{"rendered":"http:\/\/www.caririemacao.com\/1\/?p=140234"},"modified":"2019-12-10T07:51:40","modified_gmt":"2019-12-10T10:51:40","slug":"abono-natalino-comeca-a-ser-pago-nesta-terca-na-paraiba","status":"publish","type":"post","link":"https:\/\/www.caririemacao.com\/1\/2019\/12\/10\/abono-natalino-comeca-a-ser-pago-nesta-terca-na-paraiba\/","title":{"rendered":"Abono natalino come\u00e7a a ser pago nesta ter\u00e7a na Para\u00edba"},"content":{"rendered":"\n<p>O Abono Natalino na Para\u00edba, agora no valor de R$ 64, ser\u00e1 pago entre os dias 10 e 23 de dezembro. O an\u00fancio foi detalhado por Jo\u00e3o Azev\u00eado no programa Fala Governador, nesta segunda-feira (9).<\/p>\n\n\n\n<p>Os pagamentos ser\u00e3o divididos de acordo com o n\u00famero final de inscri\u00e7\u00e3o do NIS, sendo os de final 1 recebendo o Abono Natalino no dia 10 e em sequ\u00eancia at\u00e9 o final zero, no dia 23.<\/p>\n\n\n\n<p>Jo\u00e3o Azev\u00eado lembrou que cumpre uma promessa de campanha, ao ter dobrado o valor do benef\u00edcio de fim de ano. &#8220;E estamos cumprindo esse calend\u00e1rio juntamente com os funcion\u00e1rios do poder p\u00fablico que recebem seu 13\u00ba sal\u00e1rio, a segunda parcela, no dia 10, juntamente com o in\u00edcio do abono natalino&#8221;, destacou o governador.<\/p>\n\n\n\n<p>Pagamento do Abono Natalino:<\/p>\n\n\n\n<p>Final 1 &#8211; 10\/12<br>Final 2 &#8211; 11\/12<br>Final 3 &#8211; 12\/12<br>Final 4 &#8211; 13\/12<br>Final 5 &#8211; 16\/12<br>Final 6 &#8211; 17\/12<br>Final 7 &#8211; 18\/12<br>Final 8 &#8211; 19\/12<br>Final 9 &#8211; 20\/12<br>Final 0 &#8211; 23\/12<\/p>\n","protected":false},"excerpt":{"rendered":"<p>O Abono Natalino na Para\u00edba, agora no valor de R$ 64, ser\u00e1 pago entre os dias 10 e 23 de dezembro. O an\u00fancio foi detalhado&hellip; <\/p>\n","protected":false},"author":1,"featured_media":14039,"comment_status":"closed","ping_status":"closed","sticky":false,"template":"","format":"standard","meta":{"sfsi_plus_gutenberg_text_before_share":"","sfsi_plus_gutenberg_show_text_before_share":"","sfsi_plus_gutenberg_icon_type":"","sfsi_plus_gutenberg_icon_alignemt":"","sfsi_plus_gutenburg_max_per_row":"","footnotes":""},"categories":[2],"tags":[],"class_list":["post-140234","post","type-post","status-publish","format-standard","has-post-thumbnail","hentry","category-geral"],"_links":{"self":[{"href":"https:\/\/www.caririemacao.com\/1\/wp-json\/wp\/v2\/posts\/140234","targetHints":{"allow":["GET"]}}],"collection":[{"href":"https:\/\/www.caririemacao.com\/1\/wp-json\/wp\/v2\/posts"}],"about":[{"href":"https:\/\/www.caririemacao.com\/1\/wp-json\/wp\/v2\/types\/post"}],"author":[{"embeddable":true,"href":"https:\/\/www.caririemacao.com\/1\/wp-json\/wp\/v2\/users\/1"}],"replies":[{"embeddable":true,"href":"https:\/\/www.caririemacao.com\/1\/wp-json\/wp\/v2\/comments?post=140234"}],"version-history":[{"count":1,"href":"https:\/\/www.caririemacao.com\/1\/wp-json\/wp\/v2\/posts\/140234\/revisions"}],"predecessor-version":[{"id":140235,"href":"https:\/\/www.caririemacao.com\/1\/wp-json\/wp\/v2\/posts\/140234\/revisions\/140235"}],"wp:featuredmedia":[{"embeddable":true,"href":"https:\/\/www.caririemacao.com\/1\/wp-json\/wp\/v2\/media\/14039"}],"wp:attachment":[{"href":"https:\/\/www.caririemacao.com\/1\/wp-json\/wp\/v2\/media?parent=140234"}],"wp:term":[{"taxonomy":"category","embeddable":true,"href":"https:\/\/www.caririemacao.com\/1\/wp-json\/wp\/v2\/categories?post=140234"},{"taxonomy":"post_tag","embeddable":true,"href":"https:\/\/www.caririemacao.com\/1\/wp-json\/wp\/v2\/tags?post=140234"}],"curies":[{"name":"wp","href":"https:\/\/api.w.org\/{rel}","templated":true}]}}