{"id":140240,"date":"2019-12-10T07:53:52","date_gmt":"2019-12-10T10:53:52","guid":{"rendered":"http:\/\/www.caririemacao.com\/1\/?p=140240"},"modified":"2019-12-10T07:53:52","modified_gmt":"2019-12-10T10:53:52","slug":"camara-aprova-uso-de-fundo-para-ampliar-banda-larga-em-escolas","status":"publish","type":"post","link":"https:\/\/www.caririemacao.com\/1\/2019\/12\/10\/camara-aprova-uso-de-fundo-para-ampliar-banda-larga-em-escolas\/","title":{"rendered":"C\u00e2mara aprova uso de fundo para ampliar banda larga em escolas"},"content":{"rendered":"\n<p>O plen\u00e1rio da C\u00e2mara aprovou na noite desta segunda-feira (9) o projeto de lei que autoriza o uso de recursos do Fundo de Universaliza\u00e7\u00e3o das Telecomunica\u00e7\u00f5es (Fust) para a amplia\u00e7\u00e3o da banda larga em escolas p\u00fablicas urbanas e rurais. Como foi modificado na C\u00e2mara, o texto retorna para o Senado.<\/p>\n\n\n\n<p>O Fust arrecada anualmente cerca de R$ 1 bilh\u00e3o e j\u00e1 tem acumulado R$ 21,8 bilh\u00f5es. Como a lei atual permite que os recursos sejam aplicados apenas para a expans\u00e3o da telefonia fixa, o fundo praticamente n\u00e3o foi utilizado para investimentos no setor de telecomunica\u00e7\u00f5es.<\/p>\n\n\n\n<p>O projeto foi aprovado ap\u00f3s um acordo feito pela maioria dos partidos, que retirou do substitutivo do relator, deputado Vinicius Poit (Novo-SP), destaque que retirava um dispositivo que extinguia os recolhimentos das empresas de telecomunica\u00e7\u00f5es para o Fust ap\u00f3s um prazo de dez anos.<\/p>\n\n\n\n<p>Para se chegar ao acordo, tamb\u00e9m foram inclu\u00eddas as escolas p\u00fablicas rurais no uso dos recursos do Fust para amplia\u00e7\u00e3o da banda larga e se ampliou o n\u00famero de participantes no conselho gestor do fundo, que passou a ter mais quatro representantes: dois da sociedade civil, um do Minist\u00e9rio da Educa\u00e7\u00e3o e um do Minist\u00e9rio da Sa\u00fade.<\/p>\n\n\n\n<p>O conselho gestor foi inserido no parecer de Poit para decidir em quais projetos podem ser descontados o dinheiro que as empresas devem recolher ao Fust.<\/p>\n\n\n\n<p>Fronteira<\/p>\n\n\n\n<p>O plen\u00e1rio tamb\u00e9m aprovou nesta segunda-feira um projeto de lei que amplia para 2025 &nbsp;prazo de ratifica\u00e7\u00e3o de registro de im\u00f3veis na fronteira. O texto segue para o Senado.<\/p>\n","protected":false},"excerpt":{"rendered":"<p>O plen\u00e1rio da C\u00e2mara aprovou na noite desta segunda-feira (9) o projeto de lei que autoriza o uso de recursos do Fundo de Universaliza\u00e7\u00e3o das&hellip; <\/p>\n","protected":false},"author":1,"featured_media":90159,"comment_status":"closed","ping_status":"closed","sticky":false,"template":"","format":"standard","meta":{"sfsi_plus_gutenberg_text_before_share":"","sfsi_plus_gutenberg_show_text_before_share":"","sfsi_plus_gutenberg_icon_type":"","sfsi_plus_gutenberg_icon_alignemt":"","sfsi_plus_gutenburg_max_per_row":"","footnotes":""},"categories":[50,14],"tags":[],"class_list":["post-140240","post","type-post","status-publish","format-standard","has-post-thumbnail","hentry","category-destaque","category-educacao"],"_links":{"self":[{"href":"https:\/\/www.caririemacao.com\/1\/wp-json\/wp\/v2\/posts\/140240","targetHints":{"allow":["GET"]}}],"collection":[{"href":"https:\/\/www.caririemacao.com\/1\/wp-json\/wp\/v2\/posts"}],"about":[{"href":"https:\/\/www.caririemacao.com\/1\/wp-json\/wp\/v2\/types\/post"}],"author":[{"embeddable":true,"href":"https:\/\/www.caririemacao.com\/1\/wp-json\/wp\/v2\/users\/1"}],"replies":[{"embeddable":true,"href":"https:\/\/www.caririemacao.com\/1\/wp-json\/wp\/v2\/comments?post=140240"}],"version-history":[{"count":1,"href":"https:\/\/www.caririemacao.com\/1\/wp-json\/wp\/v2\/posts\/140240\/revisions"}],"predecessor-version":[{"id":140241,"href":"https:\/\/www.caririemacao.com\/1\/wp-json\/wp\/v2\/posts\/140240\/revisions\/140241"}],"wp:featuredmedia":[{"embeddable":true,"href":"https:\/\/www.caririemacao.com\/1\/wp-json\/wp\/v2\/media\/90159"}],"wp:attachment":[{"href":"https:\/\/www.caririemacao.com\/1\/wp-json\/wp\/v2\/media?parent=140240"}],"wp:term":[{"taxonomy":"category","embeddable":true,"href":"https:\/\/www.caririemacao.com\/1\/wp-json\/wp\/v2\/categories?post=140240"},{"taxonomy":"post_tag","embeddable":true,"href":"https:\/\/www.caririemacao.com\/1\/wp-json\/wp\/v2\/tags?post=140240"}],"curies":[{"name":"wp","href":"https:\/\/api.w.org\/{rel}","templated":true}]}}