{"id":140249,"date":"2019-12-10T07:59:19","date_gmt":"2019-12-10T10:59:19","guid":{"rendered":"http:\/\/www.caririemacao.com\/1\/?p=140249"},"modified":"2019-12-10T07:59:19","modified_gmt":"2019-12-10T10:59:19","slug":"bolsonaro-nega-volta-do-imposto-sindical","status":"publish","type":"post","link":"https:\/\/www.caririemacao.com\/1\/2019\/12\/10\/bolsonaro-nega-volta-do-imposto-sindical\/","title":{"rendered":"Bolsonaro nega volta do imposto sindical"},"content":{"rendered":"\n<p>O presidente&nbsp;<a href=\"http:\/\/agenciabrasil.ebc.com.br\/tags\/jair-bolsonaro\" target=\"_blank\" rel=\"noreferrer noopener\">Jair Bolsonaro<\/a>&nbsp;usou as redes sociais para negar a volta do imposto sindical. No Twitter, ele explicou que existe, na C\u00e2mara dos Deputados, a Proposta de Emenda \u00e0 Constitui\u00e7\u00e3o (PEC-136), de autoria dos parlamentares, que prop\u00f5e a cria\u00e7\u00e3o do imposto na Constitui\u00e7\u00e3o. &#8220;N\u00e3o procede a not\u00edcia de que o nosso governo se prepara para a volta do Imposto Sindical&#8221;, ressaltou o presidente nesta segunda-feira (9).<\/p>\n\n\n\n<figure class=\"wp-block-image\"><a href=\"https:\/\/twitter.com\/jairbolsonaro\"><img decoding=\"async\" data-src=\"https:\/\/pbs.twimg.com\/profile_images\/1057631480459886595\/9VPdGJJz_normal.jpg\" alt=\"\" src=\"data:image\/svg+xml;base64,PHN2ZyB3aWR0aD0iMSIgaGVpZ2h0PSIxIiB4bWxucz0iaHR0cDovL3d3dy53My5vcmcvMjAwMC9zdmciPjwvc3ZnPg==\" class=\"lazyload\" \/><\/a><\/figure>\n\n\n\n<p><a href=\"https:\/\/twitter.com\/jairbolsonaro\"><strong>Jair M. Bolsonaro<\/strong><strong>&#x2714;<\/strong>@jairbolsonaro<\/a><a href=\"https:\/\/twitter.com\/jairbolsonaro\/status\/1204193699158208513\"><\/a><\/p>\n\n\n\n<p>&#8211; N\u00e3o procede a not\u00edcia de que o nosso Governo se prepara para a volta do Imposto Sindical. O que existe na C\u00e2mara \u00e9 a PEC-136 (de autoria de parlamentares), essa sim com o objetvo de criar, na Constitui\u00e7\u00e3o, tal imposto.<a href=\"https:\/\/twitter.com\/intent\/like?tweet_id=1204193699158208513\">32,8&nbsp;mil<\/a><a href=\"https:\/\/twitter.com\/jairbolsonaro\/status\/1204193699158208513\">21:18 &#8211; 9 de dez de 2019<\/a><a href=\"https:\/\/support.twitter.com\/articles\/20175256\">Informa\u00e7\u00f5es e privacidade no Twitter Ads<\/a><a href=\"https:\/\/twitter.com\/jairbolsonaro\/status\/1204193699158208513\">9.455 pessoas est\u00e3o falando sobre isso<\/a><\/p>\n\n\n\n<p>Tamb\u00e9m pelo Twitter, o secret\u00e1rio especial de Previd\u00eancia e Trabalho do Minist\u00e9rio da Economia, Rog\u00e9rio Marinho, em resposta \u00e0 not\u00edcia publicada pelo site O Antagonista, disse que o governo n\u00e3o cogita a volta do imposto sindical.<\/p>\n\n\n\n<figure class=\"wp-block-image\"><a href=\"https:\/\/twitter.com\/rogeriosmarinho\"><img decoding=\"async\" data-src=\"https:\/\/pbs.twimg.com\/profile_images\/1049670519929413632\/LNWN7qyl_normal.jpg\" alt=\"\" src=\"data:image\/svg+xml;base64,PHN2ZyB3aWR0aD0iMSIgaGVpZ2h0PSIxIiB4bWxucz0iaHR0cDovL3d3dy53My5vcmcvMjAwMC9zdmciPjwvc3ZnPg==\" class=\"lazyload\" \/><\/a><\/figure>\n\n\n\n<p><a href=\"https:\/\/twitter.com\/rogeriosmarinho\"><strong>Rog\u00e9rio Marinho<\/strong><strong>&#x2714;<\/strong>@rogeriosmarinho<\/a><a href=\"https:\/\/twitter.com\/rogeriosmarinho\/status\/1204133042769543168\"><\/a><\/p>\n\n\n\n<p>N\u00e3o bateu o martelo e nem  ir\u00e1 bater nesse sentido; n\u00e3o h\u00e1 hip\u00f3tese do governo propor retrocesso de volta de compulsoriedade de imposto sindical. <a href=\"https:\/\/t.co\/rRWhKQ3DuU\" rel=\"noreferrer noopener\" target=\"_blank\">https:\/\/twitter.com\/rogeriosmarinho\/status\/1204121670581149697&nbsp;\u2026<\/a><a href=\"https:\/\/twitter.com\/rogeriosmarinho\/status\/1204121670581149697\" target=\"_blank\" rel=\"noreferrer noopener\"><strong>Rog\u00e9rio Marinho<\/strong><strong>&#x2714;<\/strong>@rogeriosmarinhoEstranha insist\u00eancia do site,primeiro Gov n bateu martelo,segundo n recebemos relat\u00f3rio final,terceiro n\u00e3o procurei maia p tratar de relator de PEC que sequer est\u00e1 escrita, quarto fui relator da lei q acabou imposto,por fim ainda n\u00e3o fui procurado pelo Site(estranho ). https:\/\/twitter.com\/o_antagonista\/status\/1204103081736183813&nbsp;\u2026<\/a><a href=\"https:\/\/twitter.com\/intent\/like?tweet_id=1204133042769543168\">4.579<\/a><a href=\"https:\/\/twitter.com\/rogeriosmarinho\/status\/1204133042769543168\">17:17 &#8211; 9 de dez de 2019<\/a><a href=\"https:\/\/support.twitter.com\/articles\/20175256\">Informa\u00e7\u00f5es e privacidade no Twitter Ads<\/a><a href=\"https:\/\/twitter.com\/rogeriosmarinho\/status\/1204133042769543168\">1.406 pessoas est\u00e3o falando sobre isso<br>\n\n<\/a><\/p>\n","protected":false},"excerpt":{"rendered":"<p>O presidente&nbsp;Jair Bolsonaro&nbsp;usou as redes sociais para negar a volta do imposto sindical. No Twitter, ele explicou que existe, na C\u00e2mara dos Deputados, a Proposta&hellip; <\/p>\n","protected":false},"author":1,"featured_media":93815,"comment_status":"closed","ping_status":"closed","sticky":false,"template":"","format":"standard","meta":{"sfsi_plus_gutenberg_text_before_share":"","sfsi_plus_gutenberg_show_text_before_share":"","sfsi_plus_gutenberg_icon_type":"","sfsi_plus_gutenberg_icon_alignemt":"","sfsi_plus_gutenburg_max_per_row":"","footnotes":""},"categories":[11],"tags":[],"class_list":["post-140249","post","type-post","status-publish","format-standard","has-post-thumbnail","hentry","category-politica"],"_links":{"self":[{"href":"https:\/\/www.caririemacao.com\/1\/wp-json\/wp\/v2\/posts\/140249","targetHints":{"allow":["GET"]}}],"collection":[{"href":"https:\/\/www.caririemacao.com\/1\/wp-json\/wp\/v2\/posts"}],"about":[{"href":"https:\/\/www.caririemacao.com\/1\/wp-json\/wp\/v2\/types\/post"}],"author":[{"embeddable":true,"href":"https:\/\/www.caririemacao.com\/1\/wp-json\/wp\/v2\/users\/1"}],"replies":[{"embeddable":true,"href":"https:\/\/www.caririemacao.com\/1\/wp-json\/wp\/v2\/comments?post=140249"}],"version-history":[{"count":1,"href":"https:\/\/www.caririemacao.com\/1\/wp-json\/wp\/v2\/posts\/140249\/revisions"}],"predecessor-version":[{"id":140250,"href":"https:\/\/www.caririemacao.com\/1\/wp-json\/wp\/v2\/posts\/140249\/revisions\/140250"}],"wp:featuredmedia":[{"embeddable":true,"href":"https:\/\/www.caririemacao.com\/1\/wp-json\/wp\/v2\/media\/93815"}],"wp:attachment":[{"href":"https:\/\/www.caririemacao.com\/1\/wp-json\/wp\/v2\/media?parent=140249"}],"wp:term":[{"taxonomy":"category","embeddable":true,"href":"https:\/\/www.caririemacao.com\/1\/wp-json\/wp\/v2\/categories?post=140249"},{"taxonomy":"post_tag","embeddable":true,"href":"https:\/\/www.caririemacao.com\/1\/wp-json\/wp\/v2\/tags?post=140249"}],"curies":[{"name":"wp","href":"https:\/\/api.w.org\/{rel}","templated":true}]}}