{"id":140251,"date":"2019-12-10T08:00:10","date_gmt":"2019-12-10T11:00:10","guid":{"rendered":"http:\/\/www.caririemacao.com\/1\/?p=140251"},"modified":"2019-12-10T08:00:10","modified_gmt":"2019-12-10T11:00:10","slug":"governo-avalia-como-baixa-possibilidade-de-greve-dos-caminhoneiros","status":"publish","type":"post","link":"https:\/\/www.caririemacao.com\/1\/2019\/12\/10\/governo-avalia-como-baixa-possibilidade-de-greve-dos-caminhoneiros\/","title":{"rendered":"Governo avalia como baixa possibilidade de greve dos caminhoneiros"},"content":{"rendered":"\n<p>Governo Brasileiro avalia como baixa a possibilidade de uma nova greve dos caminhoneiros.<\/p>\n\n\n\n<p>Em conversa com os jornalistas, nesta segunda-feira,&nbsp; o porta voz da Presid\u00eancia, Otavio R\u00eago Barros afirmou que o presidente Jair Bolsonaro acredita que o impasse pode ser resolvido por meio do di\u00e1logo.<\/p>\n\n\n\n<p><br>Sobre o projeto de lei que altera o c\u00f3digo de tr\u00e2nsito brasileiro, que deve ser votado esta semana pelo plen\u00e1rio da C\u00e2mara dos Deputados, R\u00eago Barros afirmou que poss\u00edveis mudan\u00e7as no texto ser\u00e3o recebidas com naturalidade pelo Pal\u00e1cio do Planalto.<\/p>\n\n\n\n<p>A proposta, apresentada em junho pelo governo,&nbsp; amplia a validade da Carteira Nacional de Habilita\u00e7\u00e3o (CNH) de cinco para 10 anos e aumenta de 20 para 40 o limite m\u00e1ximo de pontos que um motorista pode acumular ao longo de 12 meses em infra\u00e7\u00f5es de tr\u00e2nsito.<\/p>\n\n\n\n<p><br><br>De acordo com R\u00eago Barros, o presidente Bolsonaro entende que as propostas devem ser debatidas pelos parlamentares, mas faz um apelo para que a maioria delas seja preservada.<br>&nbsp;<\/p>\n\n\n\n<p>Para a posse do presidente argentino rec\u00e9m-eleito, Alberto Fernandez, nesta ter\u00e7a-feira (10), o Planalto decidiu enviar o Vice-Presidente, Hamilton Mour\u00e3o.<\/p>\n\n\n\n<p>Segundo R\u00eago Barros, Bolsonaro entendeu como necess\u00e1rio enviar uma autoridade para valorizar o relacionamento comercial com a Argentina.<\/p>\n","protected":false},"excerpt":{"rendered":"<p>Governo Brasileiro avalia como baixa a possibilidade de uma nova greve dos caminhoneiros. Em conversa com os jornalistas, nesta segunda-feira,&nbsp; o porta voz da Presid\u00eancia,&hellip; <\/p>\n","protected":false},"author":1,"featured_media":28006,"comment_status":"closed","ping_status":"closed","sticky":false,"template":"","format":"standard","meta":{"sfsi_plus_gutenberg_text_before_share":"","sfsi_plus_gutenberg_show_text_before_share":"","sfsi_plus_gutenberg_icon_type":"","sfsi_plus_gutenberg_icon_alignemt":"","sfsi_plus_gutenburg_max_per_row":"","footnotes":""},"categories":[11],"tags":[],"class_list":["post-140251","post","type-post","status-publish","format-standard","has-post-thumbnail","hentry","category-politica"],"_links":{"self":[{"href":"https:\/\/www.caririemacao.com\/1\/wp-json\/wp\/v2\/posts\/140251","targetHints":{"allow":["GET"]}}],"collection":[{"href":"https:\/\/www.caririemacao.com\/1\/wp-json\/wp\/v2\/posts"}],"about":[{"href":"https:\/\/www.caririemacao.com\/1\/wp-json\/wp\/v2\/types\/post"}],"author":[{"embeddable":true,"href":"https:\/\/www.caririemacao.com\/1\/wp-json\/wp\/v2\/users\/1"}],"replies":[{"embeddable":true,"href":"https:\/\/www.caririemacao.com\/1\/wp-json\/wp\/v2\/comments?post=140251"}],"version-history":[{"count":1,"href":"https:\/\/www.caririemacao.com\/1\/wp-json\/wp\/v2\/posts\/140251\/revisions"}],"predecessor-version":[{"id":140252,"href":"https:\/\/www.caririemacao.com\/1\/wp-json\/wp\/v2\/posts\/140251\/revisions\/140252"}],"wp:featuredmedia":[{"embeddable":true,"href":"https:\/\/www.caririemacao.com\/1\/wp-json\/wp\/v2\/media\/28006"}],"wp:attachment":[{"href":"https:\/\/www.caririemacao.com\/1\/wp-json\/wp\/v2\/media?parent=140251"}],"wp:term":[{"taxonomy":"category","embeddable":true,"href":"https:\/\/www.caririemacao.com\/1\/wp-json\/wp\/v2\/categories?post=140251"},{"taxonomy":"post_tag","embeddable":true,"href":"https:\/\/www.caririemacao.com\/1\/wp-json\/wp\/v2\/tags?post=140251"}],"curies":[{"name":"wp","href":"https:\/\/api.w.org\/{rel}","templated":true}]}}