{"id":140263,"date":"2019-12-10T08:16:48","date_gmt":"2019-12-10T11:16:48","guid":{"rendered":"http:\/\/www.caririemacao.com\/1\/?p=140263"},"modified":"2019-12-10T08:16:48","modified_gmt":"2019-12-10T11:16:48","slug":"caraubas-cultural-e-encerrado-com-sucesso-de-publico-e-de-apresentacoes-artisticas-e-culturais","status":"publish","type":"post","link":"https:\/\/www.caririemacao.com\/1\/2019\/12\/10\/caraubas-cultural-e-encerrado-com-sucesso-de-publico-e-de-apresentacoes-artisticas-e-culturais\/","title":{"rendered":"Cara\u00fabas cultural \u00e9 encerrado com sucesso de p\u00fablico e de apresenta\u00e7\u00f5es art\u00edsticas e culturais"},"content":{"rendered":"\n<p>Foi encerrada na noite do \u00faltimo s\u00e1bado, 7\/12, em pra\u00e7a p\u00fablica a primeira edi\u00e7\u00e3o em novo formato do Cara\u00fabas Cultural 2019. Durante cinco dias, ou seja, uma semana inteira a popula\u00e7\u00e3o de Cara\u00fabas pode desfrutar, acompanhar e conhecer melhor a cultura local e regional desenvolvida no munic\u00edpio.<br>A secret\u00e1ria da SEMAS, Fl\u00e1via Quirino, fez uma avalia\u00e7\u00e3o positiva do evento que contou com a participa\u00e7\u00e3o de uma equipe de pessoas da SEMAS, da SETur, da SOPSUR e de outras secretarias que ajudaram a realizar esse grandiosos evento neste novo formato. Estamos felizes pelos resultados obtidos, principalmente, para alguns segmentos que estavam ac\u00e9falos ao evento, a exemplo do artesanato local. Eles tiveram a oportunidade de expor e comercializar seus produtos neste evento, disse ela.<br>A secret\u00e1ria do Turismo, Silvana Mylena tamb\u00e9m falou que a partir do Cara\u00fabas Cultural neste novo formato poderemos ampliar o leque de op\u00e7\u00f5es tur\u00edsticas e culturais. Temos muitas riquezas e belezas para serem exploradas ainda, afirmou ela. Estaremos estruturando e fortalecendo o nosso artesanato local para que possamos atingir mais eventos e aperfei\u00e7oar o trabalho desses profissionais, concluiu Silvana Mylena.<br>Na noite de encerramento o evento contou com a apresenta\u00e7\u00e3o do Grupo de Mulheres de Cara\u00fabas do SCFV que levaram o p\u00fablico ao del\u00edrio com uma bel\u00edssima apresenta\u00e7\u00e3o de dan\u00e7a e vestidas a car\u00e1ter. O grupo de escaletas do munic\u00edpio foi renovado e deu um show a parte com a exibi\u00e7\u00e3o de can\u00e7\u00f5es bastante conhecidas da popula\u00e7\u00e3o sob a reg\u00eancia do sanfoneiro Reginaldo. Houve ainda apresenta\u00e7\u00e3o de Ana Laura e Rita de C\u00e1ssia, aboiadores e muito forro p\u00e9 de serra. Mas o grande destaque da noite de encerramento ficou por conta da orquestra sanf\u00f4nica de Monteiro. Por ser dif\u00edcil o g\u00eanero a apresenta\u00e7\u00e3o arrancou aplausos e elogios de toda popula\u00e7\u00e3o presente ao evento.<br>O prefeito Silvano Dudu parabenizou as secretarias envolvidas e de modo especial a SEMAS, a SETur e a SOPSUR que n\u00e3o mediram esfor\u00e7os em realizar o evento dando um novo formato. Fico feliz em saber que atingimos um grau de maturidade excelente da gest\u00e3o, pois, cada um j\u00e1 sabe exatamente o que precisa ser feito. Teremos o prazer de em nossa gest\u00e3o ainda realizarmos mais uma edi\u00e7\u00e3o do Cara\u00fabas Cultural 2020 e se Deus quiser ser coroado com o Selo UNICEF munic\u00edpio amigo da crian\u00e7a. Quero aproveitar e agradecer a cada um que fez parte deste evento, desde aos organizadores, participantes, artistas locais e regionais, o artes\u00e3os locais, e principalmente, aos caraubenses que abra\u00e7aram o evento com muito carinho. Nos encontraremos ano que vem se Deus quiser com mais infraestrutura e com mais grandes espet\u00e1culos, concluiu o prefeito Silvano Dudu.<\/p>\n\n\n\n<p>Fonte: SEPLACOM<br>Foto: MARCOS FERNANDES<\/p>\n","protected":false},"excerpt":{"rendered":"<p>Foi encerrada na noite do \u00faltimo s\u00e1bado, 7\/12, em pra\u00e7a p\u00fablica a primeira edi\u00e7\u00e3o em novo formato do Cara\u00fabas Cultural 2019. Durante cinco dias, ou&hellip; <\/p>\n","protected":false},"author":1,"featured_media":140264,"comment_status":"closed","ping_status":"closed","sticky":false,"template":"","format":"standard","meta":{"sfsi_plus_gutenberg_text_before_share":"","sfsi_plus_gutenberg_show_text_before_share":"","sfsi_plus_gutenberg_icon_type":"","sfsi_plus_gutenberg_icon_alignemt":"","sfsi_plus_gutenburg_max_per_row":"","footnotes":""},"categories":[6],"tags":[],"class_list":["post-140263","post","type-post","status-publish","format-standard","has-post-thumbnail","hentry","category-cidades"],"_links":{"self":[{"href":"https:\/\/www.caririemacao.com\/1\/wp-json\/wp\/v2\/posts\/140263","targetHints":{"allow":["GET"]}}],"collection":[{"href":"https:\/\/www.caririemacao.com\/1\/wp-json\/wp\/v2\/posts"}],"about":[{"href":"https:\/\/www.caririemacao.com\/1\/wp-json\/wp\/v2\/types\/post"}],"author":[{"embeddable":true,"href":"https:\/\/www.caririemacao.com\/1\/wp-json\/wp\/v2\/users\/1"}],"replies":[{"embeddable":true,"href":"https:\/\/www.caririemacao.com\/1\/wp-json\/wp\/v2\/comments?post=140263"}],"version-history":[{"count":1,"href":"https:\/\/www.caririemacao.com\/1\/wp-json\/wp\/v2\/posts\/140263\/revisions"}],"predecessor-version":[{"id":140265,"href":"https:\/\/www.caririemacao.com\/1\/wp-json\/wp\/v2\/posts\/140263\/revisions\/140265"}],"wp:featuredmedia":[{"embeddable":true,"href":"https:\/\/www.caririemacao.com\/1\/wp-json\/wp\/v2\/media\/140264"}],"wp:attachment":[{"href":"https:\/\/www.caririemacao.com\/1\/wp-json\/wp\/v2\/media?parent=140263"}],"wp:term":[{"taxonomy":"category","embeddable":true,"href":"https:\/\/www.caririemacao.com\/1\/wp-json\/wp\/v2\/categories?post=140263"},{"taxonomy":"post_tag","embeddable":true,"href":"https:\/\/www.caririemacao.com\/1\/wp-json\/wp\/v2\/tags?post=140263"}],"curies":[{"name":"wp","href":"https:\/\/api.w.org\/{rel}","templated":true}]}}