{"id":140268,"date":"2019-12-10T10:10:38","date_gmt":"2019-12-10T13:10:38","guid":{"rendered":"http:\/\/www.caririemacao.com\/1\/?p=140268"},"modified":"2019-12-10T10:10:38","modified_gmt":"2019-12-10T13:10:38","slug":"oito-principais-duvidas-do-uso-do-protetor-solar","status":"publish","type":"post","link":"https:\/\/www.caririemacao.com\/1\/2019\/12\/10\/oito-principais-duvidas-do-uso-do-protetor-solar\/","title":{"rendered":"Oito principais d\u00favidas do uso do protetor solar"},"content":{"rendered":"\n<p>De acordo com o Instituto Nacional de C\u00e2ncer (Inca), 70% das radia\u00e7\u00f5es que ir\u00e3o causar c\u00e2ncer de pele foram recebidas na inf\u00e2ncia; por isso, recomenda-se que somente leve a crian\u00e7a \u00e0 praia ap\u00f3s os 12 meses de vida.<\/p>\n\n\n\n<p>Pediatra Loretta Campos d\u00e1 uma s\u00e9rie de dicas aos pais sobre os riscos de exposi\u00e7\u00e3o ao sol inadequada em beb\u00eas e crian\u00e7as<strong>.&nbsp;<\/strong>\u201cAs f\u00e9rias est\u00e3o chegando e junto vem o ver\u00e3o, \u00e9 necess\u00e1rio conhecer sobre as principais d\u00favidas do uso do protetor solar\u201d.<\/p>\n\n\n\n<p>1 \u2013 A partir de que idade posso usar protetor solar?<\/p>\n\n\n\n<p>A partir dos 6 meses de idade. Antes a pele do beb\u00ea \u00e9 muito sens\u00edvel sendo o uso mais seguro ap\u00f3s essa idade.<\/p>\n\n\n\n<p>2 \u2013 Qual o fator do protetor solar que devo comprar?<\/p>\n\n\n\n<p>Em m\u00e9dia, o fator 30 \u00e9 suficiente, mas nada impede que voc\u00ea use um fator de prote\u00e7\u00e3o mais forte. Importante avaliar se a pele da crian\u00e7a \u00e9 seca ou oleosa, para a escolha adequada do protetor solar.<\/p>\n\n\n\n<p>3 \u2013 Qual \u00e9 a quantidade que deve ser aplicada nos pequenos?<\/p>\n\n\n\n<p>Sempre o suficiente para cobrir uma camada por todo o corpo. Tr\u00eas colheres de ch\u00e1 cheias para um beb\u00ea de 6 meses s\u00e3o recomendadas.<\/p>\n\n\n\n<p>4 \u2013 O protetor solar deve ser usado antes ou depois do repelente?<\/p>\n\n\n\n<p>Sempre antes! O repelente \u00e9 por \u00faltimo.<\/p>\n\n\n\n<p>5 \u2013 De quanto em quanto tempo devo reaplicar o protetor?<\/p>\n\n\n\n<p>Se a crian\u00e7a estiver em contato direto com o sol, o protetor deve ser reaplicado a cada 2hs. Lembrar de reaplicar todas as vezes que entrar em contato com a \u00e1gua.<\/p>\n\n\n\n<p>6 \u2013 O protetor solar deve ser usado diariamente pelas crian\u00e7as? Sim. Todas as vezes que a crian\u00e7a for sair de casa deve ser aplicado o protetor, de prefer\u00eancia 30 minutos antes do passeio. Isso evita o c\u00e2ncer de pele e o envelhecimento precoce. \u00c9 importante lembrar que pouco tempo de exposi\u00e7\u00e3o solar faz bem para a produ\u00e7\u00e3o de vitamina D.<\/p>\n\n\n\n<p>7 \u2013 Quais s\u00e3o os outros cuidados que protegem a crian\u00e7a do sol? Al\u00e9m do uso do protetor, usar roupas leves e de algod\u00e3o que ajudam a filtrar o sol. Manter as crian\u00e7as hidratadas e usar \u00e1guas termais na praia e na piscina.<\/p>\n\n\n\n<p>8 \u2013 Como saber se a crian\u00e7a \u00e9 al\u00e9rgica ao filtro solar? Fazer o teste por 3 dias na parte interna do antebra\u00e7o para avaliar se ter\u00e1 alergia ou n\u00e3o.<\/p>\n","protected":false},"excerpt":{"rendered":"<p>De acordo com o Instituto Nacional de C\u00e2ncer (Inca), 70% das radia\u00e7\u00f5es que ir\u00e3o causar c\u00e2ncer de pele foram recebidas na inf\u00e2ncia; por isso, recomenda-se&hellip; <\/p>\n","protected":false},"author":1,"featured_media":140269,"comment_status":"closed","ping_status":"closed","sticky":false,"template":"","format":"standard","meta":{"sfsi_plus_gutenberg_text_before_share":"","sfsi_plus_gutenberg_show_text_before_share":"","sfsi_plus_gutenberg_icon_type":"","sfsi_plus_gutenberg_icon_alignemt":"","sfsi_plus_gutenburg_max_per_row":"","footnotes":""},"categories":[16],"tags":[],"class_list":["post-140268","post","type-post","status-publish","format-standard","has-post-thumbnail","hentry","category-saude"],"_links":{"self":[{"href":"https:\/\/www.caririemacao.com\/1\/wp-json\/wp\/v2\/posts\/140268","targetHints":{"allow":["GET"]}}],"collection":[{"href":"https:\/\/www.caririemacao.com\/1\/wp-json\/wp\/v2\/posts"}],"about":[{"href":"https:\/\/www.caririemacao.com\/1\/wp-json\/wp\/v2\/types\/post"}],"author":[{"embeddable":true,"href":"https:\/\/www.caririemacao.com\/1\/wp-json\/wp\/v2\/users\/1"}],"replies":[{"embeddable":true,"href":"https:\/\/www.caririemacao.com\/1\/wp-json\/wp\/v2\/comments?post=140268"}],"version-history":[{"count":1,"href":"https:\/\/www.caririemacao.com\/1\/wp-json\/wp\/v2\/posts\/140268\/revisions"}],"predecessor-version":[{"id":140270,"href":"https:\/\/www.caririemacao.com\/1\/wp-json\/wp\/v2\/posts\/140268\/revisions\/140270"}],"wp:featuredmedia":[{"embeddable":true,"href":"https:\/\/www.caririemacao.com\/1\/wp-json\/wp\/v2\/media\/140269"}],"wp:attachment":[{"href":"https:\/\/www.caririemacao.com\/1\/wp-json\/wp\/v2\/media?parent=140268"}],"wp:term":[{"taxonomy":"category","embeddable":true,"href":"https:\/\/www.caririemacao.com\/1\/wp-json\/wp\/v2\/categories?post=140268"},{"taxonomy":"post_tag","embeddable":true,"href":"https:\/\/www.caririemacao.com\/1\/wp-json\/wp\/v2\/tags?post=140268"}],"curies":[{"name":"wp","href":"https:\/\/api.w.org\/{rel}","templated":true}]}}