{"id":140272,"date":"2019-12-10T10:12:00","date_gmt":"2019-12-10T13:12:00","guid":{"rendered":"http:\/\/www.caririemacao.com\/1\/?p=140272"},"modified":"2019-12-10T10:12:00","modified_gmt":"2019-12-10T13:12:00","slug":"reforma-nao-vai-suprir-deficit-na-pbprev-diz-joao","status":"publish","type":"post","link":"https:\/\/www.caririemacao.com\/1\/2019\/12\/10\/reforma-nao-vai-suprir-deficit-na-pbprev-diz-joao\/","title":{"rendered":"Reforma n\u00e3o vai suprir d\u00e9ficit na PBPrev, diz Jo\u00e3o"},"content":{"rendered":"\n<p>Enviado para a Assembleia Legislativa da Para\u00edba na semana passada, o Projeto de Lei Complementar que altera o regime previdenci\u00e1rio no estado vai ser analisado pela C\u00e2mara de Constitui\u00e7\u00e3o e Justi\u00e7a nesta ter\u00e7a-feira (10). A reforma deve trazer uma economia de R$120 milh\u00f5es por ano ao estado, mas n\u00e3o resolve o d\u00e9ficit atual.<\/p>\n\n\n\n<p>A an\u00e1lise \u00e9 do governador do estado, Jo\u00e3o Azev\u00eado (sem partido), que ressaltou que, por ano, falta R$1,4 bilh\u00e3o para os pagamentos da previd\u00eancia e, em dez anos, a reforma trar\u00e1 uma economia de 20% para as contas estaduais.<\/p>\n\n\n\n<p>Atualmente, o valor enviado pelo estado para a PBPrev pagar os aposentados e pensionistas \u00e9, mensalmente, R$110 milh\u00f5es, conforme Jo\u00e3o. Com a reforma, o valor transferido passa a ser entre R$90 e R$95 milh\u00f5es, o que deve gerar uma economia de R$10 milh\u00f5es por m\u00eas, R$120 milh\u00f5es por ano. O n\u00famero, no entanto, ainda \u00e9 muito distante de sanar o d\u00e9ficit de R$1,4 bilh\u00e3o.<\/p>\n\n\n\n<p>\u201cN\u00e3o resolve o d\u00e9ficit previdenci\u00e1rio, mas \u00e9 obriga\u00e7\u00e3o de fazer pela imposi\u00e7\u00e3o da lei que foi aprovada pelo Governo Federal\u201d, pontuou, em contato com o&nbsp;<strong>Portal MaisPB<\/strong>.<\/p>\n\n\n\n<p>O governador aproveitou ainda para garantir que n\u00e3o h\u00e1 perda de direitos com o novo modelo de Previd\u00eancia. Ele tamb\u00e9m ressaltou que n\u00e3o h\u00e1 grandes mudan\u00e7as para o contribuinte \u2013 o percentual de contribui\u00e7\u00e3o sai de 11, para 14% e as idades s\u00e3o adequadas \u00e0 legisla\u00e7\u00e3o.<\/p>\n\n\n\n<p>\u201cInventaram que as pessoas perderam direitos. O que est\u00e1 se dizendo, porque a lei federal diz, \u00e9 que os recursos utilizados na Previd\u00eancia n\u00e3o poder\u00e3o ser usados para pagar, por exemplo, aux\u00edlio maternidade, que ter\u00e1 que ser pago com recurso do pr\u00f3prio \u00f3rg\u00e3o\u201d, explicou ao&nbsp;<strong>Portal MaisPB<\/strong>.<\/p>\n\n\n\n<p>Caso a Para\u00edba n\u00e3o se adeque \u00e0s leis federais,&nbsp;<a href=\"https:\/\/www.maispb.com.br\/431528\/estado-corre-risco-de-perder-certificado-de-regularidade-diz-joao-sobre-nova-previdencia.html\">pode perder o certificado de regularidade da Previd\u00eancia,<\/a>&nbsp;o que comprometeria todo o sistema previdenci\u00e1rio do estado. A medida, de acordo com o gestor, tem apenas o objetivo de manter o sistema ativo.<\/p>\n\n\n\n<p><strong>Veja v\u00eddeo&nbsp;<\/strong><\/p>\n\n\n\n<figure><iframe width=\"590\" height=\"345\" data-src=\"https:\/\/www.youtube.com\/embed\/AyiSv279yxw?theme=light&amp;autohide=1&amp;showinfo=0;wmode=transparent;border=none;iv_load_policy=1;rel=0\" allowfullscreen=\"\" src=\"data:image\/svg+xml;base64,PHN2ZyB3aWR0aD0iMSIgaGVpZ2h0PSIxIiB4bWxucz0iaHR0cDovL3d3dy53My5vcmcvMjAwMC9zdmciPjwvc3ZnPg==\" class=\"lazyload\" data-load-mode=\"1\"><\/iframe><\/figure>\n\n\n\n<p><strong>MaisPB<\/strong><\/p>\n","protected":false},"excerpt":{"rendered":"<p>Enviado para a Assembleia Legislativa da Para\u00edba na semana passada, o Projeto de Lei Complementar que altera o regime previdenci\u00e1rio no estado vai ser analisado&hellip; <\/p>\n","protected":false},"author":1,"featured_media":91591,"comment_status":"closed","ping_status":"closed","sticky":false,"template":"","format":"standard","meta":{"sfsi_plus_gutenberg_text_before_share":"","sfsi_plus_gutenberg_show_text_before_share":"","sfsi_plus_gutenberg_icon_type":"","sfsi_plus_gutenberg_icon_alignemt":"","sfsi_plus_gutenburg_max_per_row":"","footnotes":""},"categories":[11],"tags":[],"class_list":["post-140272","post","type-post","status-publish","format-standard","has-post-thumbnail","hentry","category-politica"],"_links":{"self":[{"href":"https:\/\/www.caririemacao.com\/1\/wp-json\/wp\/v2\/posts\/140272","targetHints":{"allow":["GET"]}}],"collection":[{"href":"https:\/\/www.caririemacao.com\/1\/wp-json\/wp\/v2\/posts"}],"about":[{"href":"https:\/\/www.caririemacao.com\/1\/wp-json\/wp\/v2\/types\/post"}],"author":[{"embeddable":true,"href":"https:\/\/www.caririemacao.com\/1\/wp-json\/wp\/v2\/users\/1"}],"replies":[{"embeddable":true,"href":"https:\/\/www.caririemacao.com\/1\/wp-json\/wp\/v2\/comments?post=140272"}],"version-history":[{"count":1,"href":"https:\/\/www.caririemacao.com\/1\/wp-json\/wp\/v2\/posts\/140272\/revisions"}],"predecessor-version":[{"id":140273,"href":"https:\/\/www.caririemacao.com\/1\/wp-json\/wp\/v2\/posts\/140272\/revisions\/140273"}],"wp:featuredmedia":[{"embeddable":true,"href":"https:\/\/www.caririemacao.com\/1\/wp-json\/wp\/v2\/media\/91591"}],"wp:attachment":[{"href":"https:\/\/www.caririemacao.com\/1\/wp-json\/wp\/v2\/media?parent=140272"}],"wp:term":[{"taxonomy":"category","embeddable":true,"href":"https:\/\/www.caririemacao.com\/1\/wp-json\/wp\/v2\/categories?post=140272"},{"taxonomy":"post_tag","embeddable":true,"href":"https:\/\/www.caririemacao.com\/1\/wp-json\/wp\/v2\/tags?post=140272"}],"curies":[{"name":"wp","href":"https:\/\/api.w.org\/{rel}","templated":true}]}}