{"id":140275,"date":"2019-12-10T10:13:17","date_gmt":"2019-12-10T13:13:17","guid":{"rendered":"http:\/\/www.caririemacao.com\/1\/?p=140275"},"modified":"2019-12-10T10:13:17","modified_gmt":"2019-12-10T13:13:17","slug":"datafolha-54-consideram-justa-a-soltura-de-lula","status":"publish","type":"post","link":"https:\/\/www.caririemacao.com\/1\/2019\/12\/10\/datafolha-54-consideram-justa-a-soltura-de-lula\/","title":{"rendered":"Datafolha: 54% consideram justa a soltura de Lula"},"content":{"rendered":"\n<p>Pesquisa Datafolha divulgada nesta segunda-feira (9) pelo jornal &#8220;Folha de S.Paulo&#8221; aponta que 54% dos entrevistados entenderam que a liberta\u00e7\u00e3o do ex-presidente Luiz In\u00e1cio Lula da Silva (PT) foi justa. Outros 42% avaliaram que a liberta\u00e7\u00e3o \u00e9 injusta. 5% n\u00e3o responderam.<\/p>\n\n\n\n<p>Lula foi preso em 7 de abril de 2018, para cumprir a pena a que foi condenado no caso do triplex no Guaruj\u00e1, no \u00e2mbito da Opera\u00e7\u00e3o Lava Jato. Um ano e sete meses depois, em 8 de novembro, foi solto ap\u00f3s o Supremo Tribunal Federal (STF) reconhecer o direito dos r\u00e9us de recorrer em liberdade at\u00e9 o julgamento do \u00faltimo recurso<\/p>\n\n\n\n<p>A pesquisa foi realizada nos dias 5 e 6 de dezembro com 2.948 pessoas, em 176 cidades. A margem de erro \u00e9 de dois pontos percentuais para mais ou para menos. O n\u00edvel de confian\u00e7a da pesquisa \u00e9 de 95% \u2013 isso quer dizer que h\u00e1 uma probabilidade de 95% de os resultados retratarem a realidade, considerando a margem de erro.<\/p>\n\n\n\n<p>O levantamento tamb\u00e9m questionou se o entrevistado confia ou n\u00e3o no ex-presidente.<\/p>\n\n\n\n<p>Sempre confia: 25%<br>\u00c0s vezes confia: 36%<br>Nunca confia: 37%<br>N\u00e3o sabe: 2%<\/p>\n\n\n\n<p><strong>Avalia\u00e7\u00e3o sobre a condena\u00e7\u00e3o<\/strong><br>A condena\u00e7\u00e3o de Lula por corrup\u00e7\u00e3o passiva e lavagem de dinheiro no caso do triplex ocorreu em julho 2017 e foi confirmada em 2\u00aa inst\u00e2ncia em janeiro de 2018.<\/p>\n\n\n\n<p>Em abril daquele ano, logo ap\u00f3s o ex-presidente iniciar o cumprimento da pena, o Datafolha perguntou a opini\u00e3o dos entrevistados sobre a pris\u00e3o. O resultado foi:<\/p>\n\n\n\n<p>Justa: 54%<br>Injusta: 40%<br>N\u00e3o sabe\/n\u00e3o respondeu: 6%<\/p>\n\n\n\n<p>O levantamento de 2018 ouviu 4.194 pessoas entre 11 e 13 de abril daquele ano em 227 munic\u00edpios. A margem de erro tamb\u00e9m era de 2 pontos para mais ou para menos.<\/p>\n","protected":false},"excerpt":{"rendered":"<p>Pesquisa Datafolha divulgada nesta segunda-feira (9) pelo jornal &#8220;Folha de S.Paulo&#8221; aponta que 54% dos entrevistados entenderam que a liberta\u00e7\u00e3o do ex-presidente Luiz In\u00e1cio Lula&hellip; <\/p>\n","protected":false},"author":1,"featured_media":133525,"comment_status":"closed","ping_status":"closed","sticky":false,"template":"","format":"standard","meta":{"sfsi_plus_gutenberg_text_before_share":"","sfsi_plus_gutenberg_show_text_before_share":"","sfsi_plus_gutenberg_icon_type":"","sfsi_plus_gutenberg_icon_alignemt":"","sfsi_plus_gutenburg_max_per_row":"","footnotes":""},"categories":[11],"tags":[],"class_list":["post-140275","post","type-post","status-publish","format-standard","has-post-thumbnail","hentry","category-politica"],"_links":{"self":[{"href":"https:\/\/www.caririemacao.com\/1\/wp-json\/wp\/v2\/posts\/140275","targetHints":{"allow":["GET"]}}],"collection":[{"href":"https:\/\/www.caririemacao.com\/1\/wp-json\/wp\/v2\/posts"}],"about":[{"href":"https:\/\/www.caririemacao.com\/1\/wp-json\/wp\/v2\/types\/post"}],"author":[{"embeddable":true,"href":"https:\/\/www.caririemacao.com\/1\/wp-json\/wp\/v2\/users\/1"}],"replies":[{"embeddable":true,"href":"https:\/\/www.caririemacao.com\/1\/wp-json\/wp\/v2\/comments?post=140275"}],"version-history":[{"count":1,"href":"https:\/\/www.caririemacao.com\/1\/wp-json\/wp\/v2\/posts\/140275\/revisions"}],"predecessor-version":[{"id":140276,"href":"https:\/\/www.caririemacao.com\/1\/wp-json\/wp\/v2\/posts\/140275\/revisions\/140276"}],"wp:featuredmedia":[{"embeddable":true,"href":"https:\/\/www.caririemacao.com\/1\/wp-json\/wp\/v2\/media\/133525"}],"wp:attachment":[{"href":"https:\/\/www.caririemacao.com\/1\/wp-json\/wp\/v2\/media?parent=140275"}],"wp:term":[{"taxonomy":"category","embeddable":true,"href":"https:\/\/www.caririemacao.com\/1\/wp-json\/wp\/v2\/categories?post=140275"},{"taxonomy":"post_tag","embeddable":true,"href":"https:\/\/www.caririemacao.com\/1\/wp-json\/wp\/v2\/tags?post=140275"}],"curies":[{"name":"wp","href":"https:\/\/api.w.org\/{rel}","templated":true}]}}