{"id":140282,"date":"2019-12-10T10:15:46","date_gmt":"2019-12-10T13:15:46","guid":{"rendered":"http:\/\/www.caririemacao.com\/1\/?p=140282"},"modified":"2019-12-10T10:15:46","modified_gmt":"2019-12-10T13:15:46","slug":"aviao-militar-desaparece-no-chile-com-38-pessoas-a-bordo","status":"publish","type":"post","link":"https:\/\/www.caririemacao.com\/1\/2019\/12\/10\/aviao-militar-desaparece-no-chile-com-38-pessoas-a-bordo\/","title":{"rendered":"Avi\u00e3o militar desaparece no Chile com 38 pessoas a bordo"},"content":{"rendered":"\n<p>A For\u00e7a A\u00e9rea do Chile anunciou hoje (10) ter perdido &#8220;o contato via r\u00e1dio&#8221; com um avi\u00e3o militar C130 com 38 pessoas a bordo, que decolou de Punta Arenas, sul do pa\u00eds, para uma base na Ant\u00e1rtica.<\/p>\n\n\n\n<p>&#8220;Um avi\u00e3o C130 H\u00e9rcules decolou da cidade de Punta Arenas para a base da Ant\u00e1rtica Eduardo Frei Montalva&#8221;, de acordo com um comunicado. O contato via r\u00e1dio foi interrompido.<br>Ao todo, &#8220;38 pessoas, incluindo 17 tripulantes e 21 passageiros&#8221; estavam a bordo.<\/p>\n\n\n\n<p>A Marinha chilena lan\u00e7ou uma opera\u00e7\u00e3o de busca e resgate, tendo despachado avi\u00f5es e navios para a regi\u00e3o.<\/p>\n\n\n\n<p>O avi\u00e3o, que decolou da base a\u00e9rea de Chabunco, em Punta Arenas, a mais de tr\u00eas mil quil\u00f4metros ao sul de Santiago do Chile, tinha como miss\u00e3o prestar apoio log\u00edstico \u00e0 base na Ant\u00e1rtica.<\/p>\n\n\n\n<figure><iframe allowfullscreen=\"\" height=\"450\" data-src=\"https:\/\/www.google.com\/maps\/embed?pb=!1m28!1m12!1m3!1d11120669.241116509!2d-73.89258180893378!3d-57.361898456790264!2m3!1f0!2f0!3f0!3m2!1i1024!2i768!4f13.1!4m13!3e6!4m5!1s0xbc52ca58b309cc21%3A0xfa616a8b65456916!2sPunta%20Arenas%2C%20Magalh%C3%A3es%20e%20Ant%C3%A1rtica%20Chilena%2C%20Chile!3m2!1d-53.163832899999996!2d-70.9170683!4m5!1s0xbc73fabbad5b1e5d%3A0xce57670015e3af7f!2sBase%20Presidente%20Eduardo%20Frei%20Montalva%2C%20Ant%C3%A1rtida!3m2!1d-62.1955119!2d-58.9731174!5e1!3m2!1spt-BR!2sbr!4v1575981326154!5m2!1spt-BR!2sbr\" width=\"600\" src=\"data:image\/svg+xml;base64,PHN2ZyB3aWR0aD0iMSIgaGVpZ2h0PSIxIiB4bWxucz0iaHR0cDovL3d3dy53My5vcmcvMjAwMC9zdmciPjwvc3ZnPg==\" class=\"lazyload\" data-load-mode=\"1\"><\/iframe><\/figure>\n\n\n\n<p>O presidente do Chile, Sebasti\u00e1n Pi\u00f1era, e os ministros do Interior e da Defesa, Gonzalo Blumel e Alberto Espina, foram para o posto de comando da base a\u00e9rea de Cerrillos, na capital chilena, para monitorar os trabalhos.<\/p>\n\n\n\n<p>&#8220;Consternados com o desaparecimento do avi\u00e3o H\u00e9rcules da For\u00e7a A\u00e9rea chilena, que viajava com 38 passageiros rumo \u00e0 Ant\u00e1rtida a partir de Punta Arenas (&#8230;) vamos monitorizar as opera\u00e7\u00f5es de busca e o envio de equipas de resgate&#8221;, escreveu Pi\u00f1era na conta oficial da rede social Twitter.<\/p>\n\n\n\n<p>EBC<\/p>\n","protected":false},"excerpt":{"rendered":"<p>A For\u00e7a A\u00e9rea do Chile anunciou hoje (10) ter perdido &#8220;o contato via r\u00e1dio&#8221; com um avi\u00e3o militar C130 com 38 pessoas a bordo, que&hellip; <\/p>\n","protected":false},"author":1,"featured_media":19482,"comment_status":"closed","ping_status":"closed","sticky":false,"template":"","format":"standard","meta":{"sfsi_plus_gutenberg_text_before_share":"","sfsi_plus_gutenberg_show_text_before_share":"","sfsi_plus_gutenberg_icon_type":"","sfsi_plus_gutenberg_icon_alignemt":"","sfsi_plus_gutenburg_max_per_row":"","footnotes":""},"categories":[2],"tags":[],"class_list":["post-140282","post","type-post","status-publish","format-standard","has-post-thumbnail","hentry","category-geral"],"_links":{"self":[{"href":"https:\/\/www.caririemacao.com\/1\/wp-json\/wp\/v2\/posts\/140282","targetHints":{"allow":["GET"]}}],"collection":[{"href":"https:\/\/www.caririemacao.com\/1\/wp-json\/wp\/v2\/posts"}],"about":[{"href":"https:\/\/www.caririemacao.com\/1\/wp-json\/wp\/v2\/types\/post"}],"author":[{"embeddable":true,"href":"https:\/\/www.caririemacao.com\/1\/wp-json\/wp\/v2\/users\/1"}],"replies":[{"embeddable":true,"href":"https:\/\/www.caririemacao.com\/1\/wp-json\/wp\/v2\/comments?post=140282"}],"version-history":[{"count":1,"href":"https:\/\/www.caririemacao.com\/1\/wp-json\/wp\/v2\/posts\/140282\/revisions"}],"predecessor-version":[{"id":140283,"href":"https:\/\/www.caririemacao.com\/1\/wp-json\/wp\/v2\/posts\/140282\/revisions\/140283"}],"wp:featuredmedia":[{"embeddable":true,"href":"https:\/\/www.caririemacao.com\/1\/wp-json\/wp\/v2\/media\/19482"}],"wp:attachment":[{"href":"https:\/\/www.caririemacao.com\/1\/wp-json\/wp\/v2\/media?parent=140282"}],"wp:term":[{"taxonomy":"category","embeddable":true,"href":"https:\/\/www.caririemacao.com\/1\/wp-json\/wp\/v2\/categories?post=140282"},{"taxonomy":"post_tag","embeddable":true,"href":"https:\/\/www.caririemacao.com\/1\/wp-json\/wp\/v2\/tags?post=140282"}],"curies":[{"name":"wp","href":"https:\/\/api.w.org\/{rel}","templated":true}]}}