{"id":140284,"date":"2019-12-10T10:35:43","date_gmt":"2019-12-10T13:35:43","guid":{"rendered":"http:\/\/www.caririemacao.com\/1\/?p=140284"},"modified":"2019-12-10T10:35:43","modified_gmt":"2019-12-10T13:35:43","slug":"baixa-na-vazao-das-aguas-da-transposicao-preocupa-aesa","status":"publish","type":"post","link":"https:\/\/www.caririemacao.com\/1\/2019\/12\/10\/baixa-na-vazao-das-aguas-da-transposicao-preocupa-aesa\/","title":{"rendered":"Baixa na vaz\u00e3o das \u00e1guas da Transposi\u00e7\u00e3o preocupa AESA"},"content":{"rendered":"\n<p>As \u00e1guas da transposi\u00e7\u00e3o do S\u00e3o Francisco passaram pela tomada de fundo do a\u00e7ude de Po\u00e7\u00f5es, em Monteiro, e est\u00e1 seguindo para o a\u00e7ude de Camala\u00fa, na cidade de mesmo nome. A informa\u00e7\u00e3o \u00e9 do presidente da Ag\u00eancia de Gest\u00e3o das \u00c1guas da Para\u00edba, Porf\u00edrio Loureiro, durante entrevista \u00e0 R\u00e1dio Campina FM.<\/p>\n\n\n\n<p>Apesar da boa not\u00edcia, uma outra n\u00e3o agrada muito \u00e0 popula\u00e7\u00e3o que \u00e9 abastecida pelo a\u00e7ude Epit\u00e1cio Pessoa. \u00c9 que a vaz\u00e3o da \u00e1gua que est\u00e1 chegando \u00e0 Para\u00edba diminuiu e a previs\u00e3o de des\u00e1gue no Boqueir\u00e3o, que era em janeiro, se estendeu.<\/p>\n\n\n\n<p>\u2013 A parte que cabe \u00e0 Aesa e ao governo do Estado \u00e9 a gest\u00e3o da \u00e1gua quando ela chega pelo portal de Monteiro e, neste sentido, estamos dentro do previsto. Por\u00e9m, a vaz\u00e3o, que come\u00e7ou de 4 metros c\u00fabicos por segundo, est\u00e1 hoje com 1,29 metro c\u00fabico por segundo, muito aqu\u00e9m do que era esperado. Com essa vaz\u00e3o, o prazo vai se estender e a \u00e1gua s\u00f3 deve chegar a Boqueir\u00e3o em meados de fevereiro. Esperamos que o volume aumente em janeiro se houver chuvas no Cariri. Dependendo do per\u00edodo chuvoso, o novo prazo pode se antecipar \u2013 disse.<\/p>\n","protected":false},"excerpt":{"rendered":"<p>As \u00e1guas da transposi\u00e7\u00e3o do S\u00e3o Francisco passaram pela tomada de fundo do a\u00e7ude de Po\u00e7\u00f5es, em Monteiro, e est\u00e1 seguindo para o a\u00e7ude de&hellip; <\/p>\n","protected":false},"author":1,"featured_media":50497,"comment_status":"closed","ping_status":"closed","sticky":false,"template":"","format":"standard","meta":{"sfsi_plus_gutenberg_text_before_share":"","sfsi_plus_gutenberg_show_text_before_share":"","sfsi_plus_gutenberg_icon_type":"","sfsi_plus_gutenberg_icon_alignemt":"","sfsi_plus_gutenburg_max_per_row":"","footnotes":""},"categories":[6],"tags":[],"class_list":["post-140284","post","type-post","status-publish","format-standard","has-post-thumbnail","hentry","category-cidades"],"_links":{"self":[{"href":"https:\/\/www.caririemacao.com\/1\/wp-json\/wp\/v2\/posts\/140284","targetHints":{"allow":["GET"]}}],"collection":[{"href":"https:\/\/www.caririemacao.com\/1\/wp-json\/wp\/v2\/posts"}],"about":[{"href":"https:\/\/www.caririemacao.com\/1\/wp-json\/wp\/v2\/types\/post"}],"author":[{"embeddable":true,"href":"https:\/\/www.caririemacao.com\/1\/wp-json\/wp\/v2\/users\/1"}],"replies":[{"embeddable":true,"href":"https:\/\/www.caririemacao.com\/1\/wp-json\/wp\/v2\/comments?post=140284"}],"version-history":[{"count":1,"href":"https:\/\/www.caririemacao.com\/1\/wp-json\/wp\/v2\/posts\/140284\/revisions"}],"predecessor-version":[{"id":140285,"href":"https:\/\/www.caririemacao.com\/1\/wp-json\/wp\/v2\/posts\/140284\/revisions\/140285"}],"wp:featuredmedia":[{"embeddable":true,"href":"https:\/\/www.caririemacao.com\/1\/wp-json\/wp\/v2\/media\/50497"}],"wp:attachment":[{"href":"https:\/\/www.caririemacao.com\/1\/wp-json\/wp\/v2\/media?parent=140284"}],"wp:term":[{"taxonomy":"category","embeddable":true,"href":"https:\/\/www.caririemacao.com\/1\/wp-json\/wp\/v2\/categories?post=140284"},{"taxonomy":"post_tag","embeddable":true,"href":"https:\/\/www.caririemacao.com\/1\/wp-json\/wp\/v2\/tags?post=140284"}],"curies":[{"name":"wp","href":"https:\/\/api.w.org\/{rel}","templated":true}]}}