{"id":140286,"date":"2019-12-10T10:37:03","date_gmt":"2019-12-10T13:37:03","guid":{"rendered":"http:\/\/www.caririemacao.com\/1\/?p=140286"},"modified":"2019-12-10T10:37:03","modified_gmt":"2019-12-10T13:37:03","slug":"transposicao-governador-afirma-que-nao-existe-risco-de-faltar-agua-para-campina-e-regiao-veja-video","status":"publish","type":"post","link":"https:\/\/www.caririemacao.com\/1\/2019\/12\/10\/transposicao-governador-afirma-que-nao-existe-risco-de-faltar-agua-para-campina-e-regiao-veja-video\/","title":{"rendered":"Transposi\u00e7\u00e3o: governador afirma que n\u00e3o existe risco de faltar \u00e1gua para Campina e regi\u00e3o; veja v\u00eddeo"},"content":{"rendered":"\n<p>O governador da Para\u00edba, Jo\u00e3o Azev\u00eado garantiu nesta segunda-feira (9) que n\u00e3o a riscos de faltar \u00e1gua da Transposi\u00e7\u00e3o do Rio do S\u00e3o Francisco para abastecer Campina Grande e regi\u00e3o. Azev\u00eado disse ainda que a Transposi\u00e7\u00e3o \u00e9 um projeto definitivo.<\/p>\n\n\n\n<p><strong>Assista:<\/strong><\/p>\n\n\n\n<figure><iframe data-src=\"http:\/\/www.youtube.com\/embed\/I6XFSH1G7Nc?version=3&amp;rel=1&amp;fs=1&amp;autohide=2&amp;showsearch=0&amp;showinfo=1&amp;iv_load_policy=1&amp;wmode=transparent\" allowfullscreen=\"true\" src=\"data:image\/svg+xml;base64,PHN2ZyB3aWR0aD0iMSIgaGVpZ2h0PSIxIiB4bWxucz0iaHR0cDovL3d3dy53My5vcmcvMjAwMC9zdmciPjwvc3ZnPg==\" class=\"lazyload\" data-load-mode=\"1\"><\/iframe><\/figure>\n\n\n\n<p><strong>Blog do Bruno Lira<\/strong><\/p>\n","protected":false},"excerpt":{"rendered":"<p>O governador da Para\u00edba, Jo\u00e3o Azev\u00eado garantiu nesta segunda-feira (9) que n\u00e3o a riscos de faltar \u00e1gua da Transposi\u00e7\u00e3o do Rio do S\u00e3o Francisco para&hellip; <\/p>\n","protected":false},"author":1,"featured_media":140287,"comment_status":"closed","ping_status":"closed","sticky":false,"template":"","format":"standard","meta":{"sfsi_plus_gutenberg_text_before_share":"","sfsi_plus_gutenberg_show_text_before_share":"","sfsi_plus_gutenberg_icon_type":"","sfsi_plus_gutenberg_icon_alignemt":"","sfsi_plus_gutenburg_max_per_row":"","footnotes":""},"categories":[11],"tags":[],"class_list":["post-140286","post","type-post","status-publish","format-standard","has-post-thumbnail","hentry","category-politica"],"_links":{"self":[{"href":"https:\/\/www.caririemacao.com\/1\/wp-json\/wp\/v2\/posts\/140286","targetHints":{"allow":["GET"]}}],"collection":[{"href":"https:\/\/www.caririemacao.com\/1\/wp-json\/wp\/v2\/posts"}],"about":[{"href":"https:\/\/www.caririemacao.com\/1\/wp-json\/wp\/v2\/types\/post"}],"author":[{"embeddable":true,"href":"https:\/\/www.caririemacao.com\/1\/wp-json\/wp\/v2\/users\/1"}],"replies":[{"embeddable":true,"href":"https:\/\/www.caririemacao.com\/1\/wp-json\/wp\/v2\/comments?post=140286"}],"version-history":[{"count":1,"href":"https:\/\/www.caririemacao.com\/1\/wp-json\/wp\/v2\/posts\/140286\/revisions"}],"predecessor-version":[{"id":140288,"href":"https:\/\/www.caririemacao.com\/1\/wp-json\/wp\/v2\/posts\/140286\/revisions\/140288"}],"wp:featuredmedia":[{"embeddable":true,"href":"https:\/\/www.caririemacao.com\/1\/wp-json\/wp\/v2\/media\/140287"}],"wp:attachment":[{"href":"https:\/\/www.caririemacao.com\/1\/wp-json\/wp\/v2\/media?parent=140286"}],"wp:term":[{"taxonomy":"category","embeddable":true,"href":"https:\/\/www.caririemacao.com\/1\/wp-json\/wp\/v2\/categories?post=140286"},{"taxonomy":"post_tag","embeddable":true,"href":"https:\/\/www.caririemacao.com\/1\/wp-json\/wp\/v2\/tags?post=140286"}],"curies":[{"name":"wp","href":"https:\/\/api.w.org\/{rel}","templated":true}]}}