{"id":140289,"date":"2019-12-10T10:39:02","date_gmt":"2019-12-10T13:39:02","guid":{"rendered":"http:\/\/www.caririemacao.com\/1\/?p=140289"},"modified":"2019-12-10T10:39:02","modified_gmt":"2019-12-10T13:39:02","slug":"video-luiz-couto-diz-que-nao-comentara-racha-entre-ricardo-e-joao","status":"publish","type":"post","link":"https:\/\/www.caririemacao.com\/1\/2019\/12\/10\/video-luiz-couto-diz-que-nao-comentara-racha-entre-ricardo-e-joao\/","title":{"rendered":"V\u00eddeo: Luiz Couto diz que n\u00e3o comentar\u00e1 racha entre Ricardo e Jo\u00e3o"},"content":{"rendered":"\n<p>O secret\u00e1rio da Agricultura Familiar e e ex-deputado federal, Luiz Couto, afirmou nesta segunda-feira (8) que n\u00e3o vai se pronunciar sobre sobre o racha entre o governador Jo\u00e3o Azev\u00eado e Ricardo Coutinho.<\/p>\n\n\n\n<p>Assista:<\/p>\n\n\n\n<figure><iframe data-src=\"http:\/\/www.youtube.com\/embed\/vuWJOLiQ3xY?version=3&amp;rel=1&amp;fs=1&amp;autohide=2&amp;showsearch=0&amp;showinfo=1&amp;iv_load_policy=1&amp;wmode=transparent\" allowfullscreen=\"true\" src=\"data:image\/svg+xml;base64,PHN2ZyB3aWR0aD0iMSIgaGVpZ2h0PSIxIiB4bWxucz0iaHR0cDovL3d3dy53My5vcmcvMjAwMC9zdmciPjwvc3ZnPg==\" class=\"lazyload\" data-load-mode=\"1\"><\/iframe><\/figure>\n\n\n\n<p><strong>Blog do Bruno Lira<\/strong><\/p>\n","protected":false},"excerpt":{"rendered":"<p>O secret\u00e1rio da Agricultura Familiar e e ex-deputado federal, Luiz Couto, afirmou nesta segunda-feira (8) que n\u00e3o vai se pronunciar sobre sobre o racha entre&hellip; <\/p>\n","protected":false},"author":1,"featured_media":38054,"comment_status":"closed","ping_status":"closed","sticky":false,"template":"","format":"standard","meta":{"sfsi_plus_gutenberg_text_before_share":"","sfsi_plus_gutenberg_show_text_before_share":"","sfsi_plus_gutenberg_icon_type":"","sfsi_plus_gutenberg_icon_alignemt":"","sfsi_plus_gutenburg_max_per_row":"","footnotes":""},"categories":[11],"tags":[],"class_list":["post-140289","post","type-post","status-publish","format-standard","has-post-thumbnail","hentry","category-politica"],"_links":{"self":[{"href":"https:\/\/www.caririemacao.com\/1\/wp-json\/wp\/v2\/posts\/140289","targetHints":{"allow":["GET"]}}],"collection":[{"href":"https:\/\/www.caririemacao.com\/1\/wp-json\/wp\/v2\/posts"}],"about":[{"href":"https:\/\/www.caririemacao.com\/1\/wp-json\/wp\/v2\/types\/post"}],"author":[{"embeddable":true,"href":"https:\/\/www.caririemacao.com\/1\/wp-json\/wp\/v2\/users\/1"}],"replies":[{"embeddable":true,"href":"https:\/\/www.caririemacao.com\/1\/wp-json\/wp\/v2\/comments?post=140289"}],"version-history":[{"count":1,"href":"https:\/\/www.caririemacao.com\/1\/wp-json\/wp\/v2\/posts\/140289\/revisions"}],"predecessor-version":[{"id":140290,"href":"https:\/\/www.caririemacao.com\/1\/wp-json\/wp\/v2\/posts\/140289\/revisions\/140290"}],"wp:featuredmedia":[{"embeddable":true,"href":"https:\/\/www.caririemacao.com\/1\/wp-json\/wp\/v2\/media\/38054"}],"wp:attachment":[{"href":"https:\/\/www.caririemacao.com\/1\/wp-json\/wp\/v2\/media?parent=140289"}],"wp:term":[{"taxonomy":"category","embeddable":true,"href":"https:\/\/www.caririemacao.com\/1\/wp-json\/wp\/v2\/categories?post=140289"},{"taxonomy":"post_tag","embeddable":true,"href":"https:\/\/www.caririemacao.com\/1\/wp-json\/wp\/v2\/tags?post=140289"}],"curies":[{"name":"wp","href":"https:\/\/api.w.org\/{rel}","templated":true}]}}