{"id":140293,"date":"2019-12-10T11:14:18","date_gmt":"2019-12-10T14:14:18","guid":{"rendered":"http:\/\/www.caririemacao.com\/1\/?p=140293"},"modified":"2019-12-10T11:14:18","modified_gmt":"2019-12-10T14:14:18","slug":"safra-de-2020-deve-bater-recorde-e-chegar-a-2409-milhoes-de-toneladas","status":"publish","type":"post","link":"https:\/\/www.caririemacao.com\/1\/2019\/12\/10\/safra-de-2020-deve-bater-recorde-e-chegar-a-2409-milhoes-de-toneladas\/","title":{"rendered":"Safra de 2020 deve bater recorde e chegar a 240,9 milh\u00f5es de toneladas"},"content":{"rendered":"\n<p>A safra nacional de gr\u00e3os de 2020 deve atingir 240.913.898 milh\u00f5es de toneladas, o que ser\u00e1 um recorde. Se confirmado, o resultado vai ultrapassar em 33,6 mil toneladas o esperado para 2019. De acordo com o Instituto Brasileiro de Geografia e Estat\u00edstica (IBGE), as estimativas indicam que as safras 2019 e 2020 devem se tornar as maiores da s\u00e9rie hist\u00f3rica iniciada em 1975. V\u00e3o superar o atual recorde registrado em 2017, quando somou 238,4 milh\u00f5es de toneladas.<\/p>\n\n\n\n<p>Os n\u00fameros est\u00e3o no Levantamento Sistem\u00e1tico da Produ\u00e7\u00e3o Agr\u00edcola (LSPA), divulgado hoje (10), pelo IBGE.<\/p>\n\n\n\n<p>Conforme as previs\u00f5es, a produ\u00e7\u00e3o de soja ter\u00e1 crescimento 6,7%, a de algod\u00e3o 2,0% e a do arroz 1,0%, mas a do milho sofrer\u00e1 redu\u00e7\u00e3o de 7,5%. O mesmo deve ocorrer com o feij\u00e3o em gr\u00e3o primeira safra com queda de 0,3%.<\/p>\n\n\n\n<p>Para o milho, o IBGE estima produ\u00e7\u00e3o de 92,7 milh\u00f5es de toneladas no pr\u00f3ximo ano. A redu\u00e7\u00e3o de 7,5% prevista em rela\u00e7\u00e3o \u00e0 safra 2019, significa recuo de 7,5 milh\u00f5es de toneladas. \u201cMant\u00e9m-se a tend\u00eancia de um maior volume de produ\u00e7\u00e3o do milho em segunda safra, devendo essa safra participar com 72,3% da produ\u00e7\u00e3o nacional para 2020, contra 27,7% de participa\u00e7\u00e3o da primeira safra de milho\u201d, observou o pesquisador do IBGE, Carlos Barradas.<\/p>\n\n\n\n<p>Na soja, a lata de 6,7%, representa o total de 120,8 milh\u00f5es de toneladas em 2020. Entre os maiores produtores, boa parte desse volume se refere ao Mato Grosso. L\u00e1 a estimativa \u00e9 colher 33 milh\u00f5es de toneladas. Em rela\u00e7\u00e3o a 2019, representa crescimento de 2,2% . O Paran\u00e1, que \u00e9 o segundo maior produtor, prev\u00ea aumento de 22,5%, com a produ\u00e7\u00e3o de 19,8 milh\u00f5es de toneladas. Tamb\u00e9m se confirmado, vai significar uma recupera\u00e7\u00e3o, uma vez que em 2019 severas restri\u00e7\u00f5es de chuvas e o excesso de calor durante o ciclo da cultura comprometeram a safra.<\/p>\n\n\n\n<h2 class=\"wp-block-heading\">Safra de 2019<\/h2>\n\n\n\n<p>A safra nacional tamb\u00e9m deve atingir 240.880.344 milh\u00f5es de toneladas em 2019. Com isso, supera o recorde de 2017, em 2,4 milh\u00f5es de toneladas. Segundo o IBGE, representa alta de 6,4% na compara\u00e7\u00e3o do que foi produzido em 2018, quando atingiu 226,5 milh\u00f5es de toneladas.<\/p>\n\n\n\n<p>Os n\u00fameros do LSPA indicam que o resultado foi influenciado pela produ\u00e7\u00e3o do milho, que deve registrar recorde de 100,2 milh\u00f5es em 2019, atingindo 25,9 milh\u00f5es de toneladas na primeira safra e 74,3 milh\u00f5es de toneladas na segunda. O volume significa aumento de 23,2%, se comparado ao ano anterior. Na vis\u00e3o do pesquisador, a conjuntura de pre\u00e7os que incentivou o plantio do milho de segunda safra foi um dos fatores que favoreceram a eleva\u00e7\u00e3o. \u201cO clima tamb\u00e9m se comportou de forma favor\u00e1vel\u201d, explicou.<\/p>\n\n\n\n<p>A melhora dos pre\u00e7os tamb\u00e9m favoreceu o poss\u00edvel recorde na produ\u00e7\u00e3o de algod\u00e3o diante da s\u00e9rie hist\u00f3ria do IBGE. Deve chegar a 6,9 toneladas, na safra deste ano, representando aumento de 39,8% na compara\u00e7\u00e3o com o ano anterior.<\/p>\n\n\n\n<p>A soja e o arroz, no entanto, devem apresentar queda de produ\u00e7\u00e3o. A colheita de 113,2 milh\u00f5es de toneladas de soja em 2019, \u00e9 equivalente ao recuo de 4%, se comparado a 2018. No arroz, a redu\u00e7\u00e3o de 9,5% na \u00e1rea plantada e de 12% na \u00e1rea a ser colhida provocaram queda na produ\u00e7\u00e3o. O IBGE estima total de 10,3 milh\u00f5es de toneladas, resultado 12% menor que o do ano passado. Com a previs\u00e3o de 63,2 milh\u00f5es de hectares na \u00e1rea a ser colhida, em 2019, o c\u00e1lculo \u00e9 de crescimento de 3,7% ante a de 2018. O percentual equivale ao aumento de 2,2 milh\u00f5es de hectares. Foi tamb\u00e9m em 2017, o recorde anterior da produ\u00e7\u00e3o. Foram produzidas 238,4 milh\u00f5es de toneladas.<\/p>\n","protected":false},"excerpt":{"rendered":"<p>A safra nacional de gr\u00e3os de 2020 deve atingir 240.913.898 milh\u00f5es de toneladas, o que ser\u00e1 um recorde. Se confirmado, o resultado vai ultrapassar em&hellip; <\/p>\n","protected":false},"author":1,"featured_media":140294,"comment_status":"closed","ping_status":"closed","sticky":false,"template":"","format":"standard","meta":{"sfsi_plus_gutenberg_text_before_share":"","sfsi_plus_gutenberg_show_text_before_share":"","sfsi_plus_gutenberg_icon_type":"","sfsi_plus_gutenberg_icon_alignemt":"","sfsi_plus_gutenburg_max_per_row":"","footnotes":""},"categories":[2],"tags":[],"class_list":["post-140293","post","type-post","status-publish","format-standard","has-post-thumbnail","hentry","category-geral"],"_links":{"self":[{"href":"https:\/\/www.caririemacao.com\/1\/wp-json\/wp\/v2\/posts\/140293","targetHints":{"allow":["GET"]}}],"collection":[{"href":"https:\/\/www.caririemacao.com\/1\/wp-json\/wp\/v2\/posts"}],"about":[{"href":"https:\/\/www.caririemacao.com\/1\/wp-json\/wp\/v2\/types\/post"}],"author":[{"embeddable":true,"href":"https:\/\/www.caririemacao.com\/1\/wp-json\/wp\/v2\/users\/1"}],"replies":[{"embeddable":true,"href":"https:\/\/www.caririemacao.com\/1\/wp-json\/wp\/v2\/comments?post=140293"}],"version-history":[{"count":1,"href":"https:\/\/www.caririemacao.com\/1\/wp-json\/wp\/v2\/posts\/140293\/revisions"}],"predecessor-version":[{"id":140295,"href":"https:\/\/www.caririemacao.com\/1\/wp-json\/wp\/v2\/posts\/140293\/revisions\/140295"}],"wp:featuredmedia":[{"embeddable":true,"href":"https:\/\/www.caririemacao.com\/1\/wp-json\/wp\/v2\/media\/140294"}],"wp:attachment":[{"href":"https:\/\/www.caririemacao.com\/1\/wp-json\/wp\/v2\/media?parent=140293"}],"wp:term":[{"taxonomy":"category","embeddable":true,"href":"https:\/\/www.caririemacao.com\/1\/wp-json\/wp\/v2\/categories?post=140293"},{"taxonomy":"post_tag","embeddable":true,"href":"https:\/\/www.caririemacao.com\/1\/wp-json\/wp\/v2\/tags?post=140293"}],"curies":[{"name":"wp","href":"https:\/\/api.w.org\/{rel}","templated":true}]}}