{"id":140296,"date":"2019-12-10T11:23:45","date_gmt":"2019-12-10T14:23:45","guid":{"rendered":"http:\/\/www.caririemacao.com\/1\/?p=140296"},"modified":"2019-12-10T11:23:45","modified_gmt":"2019-12-10T14:23:45","slug":"bolsonaro-convida-o-presidente-do-senegal-a-visitar-o-brasil-em-2020","status":"publish","type":"post","link":"https:\/\/www.caririemacao.com\/1\/2019\/12\/10\/bolsonaro-convida-o-presidente-do-senegal-a-visitar-o-brasil-em-2020\/","title":{"rendered":"Bolsonaro convida o presidente do Senegal a visitar o Brasil em 2020"},"content":{"rendered":"\n<p>Em meio \u00e0 crescente expans\u00e3o econ\u00f4mica dos pa\u00edses africanos, que vem sendo registrada por indicadores que medem o crescimento do Produto Interno Bruto (PIB) mundial, o presidente Jair Bolsonaro convidou o presidente do Senegal, Macky Sall, a visitar o Brasil em 2020. A carta-convite foi entregue pessoalmente ao presidente senegal\u00eas pelo chanceler Ernesto Ara\u00fajo, ao cumprir, ontem (9), em Dacar&nbsp;(capital senegalesa),&nbsp;a segunda etapa de sua viagem a pa\u00edses da \u00c1frica Ocidental. Os pr\u00f3ximos pa\u00edses a serem visitados pelo chanceler brasileiro s\u00e3o Nig\u00e9ria e Angola. Ele retorna retorna ao Brasil em 13 de dezembro.<\/p>\n\n\n\n<p>Al\u00e9m do encontro com o presidente Sall, o chanceler teve reuni\u00f5es com o presidente da Assembleia Nacional do pa\u00eds, Moustapha Niasse, e com o ministro dos Neg\u00f3cios Estrangeiros, Amadou Ba.<\/p>\n\n\n\n<figure class=\"wp-block-image\"><img decoding=\"async\" data-src=\"http:\/\/imagens.ebc.com.br\/HNbqNsdZU2uBIqYHChJQNAdeHQs=\/754x0\/smart\/http:\/\/agenciabrasil.ebc.com.br\/sites\/default\/files\/thumbnails\/image\/senegalabr_0912198732_0.jpeg?itok=P4Rj0bdI\" alt=\"chanceler Ernesto Ara\u00fajo, durante encontro com o presidente do Senegal, Macky Sall\" src=\"data:image\/svg+xml;base64,PHN2ZyB3aWR0aD0iMSIgaGVpZ2h0PSIxIiB4bWxucz0iaHR0cDovL3d3dy53My5vcmcvMjAwMC9zdmciPjwvc3ZnPg==\" class=\"lazyload\" \/><\/figure>\n\n\n\n<p>O presidente do Senegal, Macky Sall, l\u00ea a carta-convite do presidente Bolsonaro entregue pessoalmente pelo chanceler Ernesto Ara\u00fajo &#8211;&nbsp;<strong>MRE\/Divulga\u00e7\u00e3o<\/strong><\/p>\n\n\n\n<p>O objetivo do p\u00e9riplo do ministro \u00e9 implementar acordos nas \u00e1reas de seguran\u00e7a, defesa, com\u00e9rcio e investimentos. \u201cIniciamos novo momento da rela\u00e7\u00e3o entre o Brasil e a \u00c1frica, com uma nova vis\u00e3o: interc\u00e2mbio econ\u00f4mico e coopera\u00e7\u00e3o em defesa alicer\u00e7ados em base cultural comum\u201d, disse o ministro.<\/p>\n\n\n\n<p>Solidez econ\u00f4mica<\/p>\n\n\n\n<p>Nos encontros com autoridades senegalesas, o ministro das Rela\u00e7\u00f5es Exteriores enfatizou o interesse do governo brasileiro em aprofundar as rela\u00e7\u00f5es com o Senegal, que possui uma das mais s\u00f3lidas e crescentes economias da regi\u00e3o. O ministro brasileiro das Rela\u00e7\u00f5es Exteriores destacou&nbsp;os desafios comuns nos campos da defesa e seguran\u00e7a, a heran\u00e7a cultural compartilhada entre a \u00c1frica e o Brasil, e o potencial de incremento da coopera\u00e7\u00e3o econ\u00f4mica, sobretudo em agricultura, dada a proximidade geogr\u00e1fica entre o Brasil e Senegal.&nbsp;<\/p>\n\n\n\n<p>O ministro enfatizou ainda as vantagens de uma aproxima\u00e7\u00e3o pol\u00edtica, com a constitui\u00e7\u00e3o de um grupo parlamentar de amizade entre os dois pa\u00edses. Ernesto Ara\u00fajo saudou, em entrevista \u00e0 imprensa, o papel do Senegal nos processos de integra\u00e7\u00e3o regional e global. Destacou o interesse brasileiro de uma maior aproxima\u00e7\u00e3o com a Comunidade Econ\u00f4mica da \u00c1frica Ocidental (Cedeao).<\/p>\n\n\n\n<figure class=\"wp-block-image\"><img decoding=\"async\" data-src=\"http:\/\/imagens.ebc.com.br\/44VDlJme2_V6xp7s3tG3EC1gAh8=\/754x0\/smart\/http:\/\/agenciabrasil.ebc.com.br\/sites\/default\/files\/thumbnails\/image\/encontro_com_o_presidente_da_assembleia_nacional_do_senegal_moustapha_niasseabr_0912198746.jpeg?itok=VEoF3BBM\" alt=\"Encontro com o presidente da Assembleia Nacional do Senegal, Moustapha Niasse\" src=\"data:image\/svg+xml;base64,PHN2ZyB3aWR0aD0iMSIgaGVpZ2h0PSIxIiB4bWxucz0iaHR0cDovL3d3dy53My5vcmcvMjAwMC9zdmciPjwvc3ZnPg==\" class=\"lazyload\" \/><\/figure>\n\n\n\n<p>Encontro do chanceler Ernesto Ara\u00fajod com o presidente da Assembleia Nacional do Senegal, Moustapha Niasse &#8211;&nbsp;<strong>MRE\/Divulga\u00e7\u00e3o<\/strong><\/p>\n\n\n\n<p>Nos \u00faltimos cinco anos (2014-18), a economia senegalesa foi a terceira que mais cresceu entre as economias da \u00c1frica Ocidental (a uma m\u00e9dia anual de 6,5%) e a sexta&nbsp;em todo o continente. O crescimento foi fortemente alicer\u00e7ado num programa de investimento em infra-estruturas, numa evolu\u00e7\u00e3o favor\u00e1vel do setor agr\u00edcola e no aumento da produ\u00e7\u00e3o industrial, alimentada principalmente pela ind\u00fastria de fosfatos.<\/p>\n\n\n\n<p>PIB<\/p>\n\n\n\n<p>Com um PIB de US$ 25,3 bilh\u00f5es, registrado em 2019, o Senegal dever\u00e1 ocupar o posto de a quarta maior economia da \u00c1frica Ocidental (depois da Nig\u00e9ria, Gana e Costa do Marfim). O crescimento anual do pa\u00eds chega a quase 7% . No entanto, a&nbsp;previs\u00e3o para o per\u00edodo de 2020 a 2024 \u00e9 de que o pa\u00eds crescer\u00e1 a uma taxa anual de 8,5%, n\u00famero que colocar\u00e1 o Senegal na posi\u00e7\u00e3o de pa\u00eds que mais cresce em toda a \u00c1frica.&nbsp;<\/p>\n","protected":false},"excerpt":{"rendered":"<p>Em meio \u00e0 crescente expans\u00e3o econ\u00f4mica dos pa\u00edses africanos, que vem sendo registrada por indicadores que medem o crescimento do Produto Interno Bruto (PIB) mundial,&hellip; <\/p>\n","protected":false},"author":1,"featured_media":140297,"comment_status":"closed","ping_status":"closed","sticky":false,"template":"","format":"standard","meta":{"sfsi_plus_gutenberg_text_before_share":"","sfsi_plus_gutenberg_show_text_before_share":"","sfsi_plus_gutenberg_icon_type":"","sfsi_plus_gutenberg_icon_alignemt":"","sfsi_plus_gutenburg_max_per_row":"","footnotes":""},"categories":[11],"tags":[],"class_list":["post-140296","post","type-post","status-publish","format-standard","has-post-thumbnail","hentry","category-politica"],"_links":{"self":[{"href":"https:\/\/www.caririemacao.com\/1\/wp-json\/wp\/v2\/posts\/140296","targetHints":{"allow":["GET"]}}],"collection":[{"href":"https:\/\/www.caririemacao.com\/1\/wp-json\/wp\/v2\/posts"}],"about":[{"href":"https:\/\/www.caririemacao.com\/1\/wp-json\/wp\/v2\/types\/post"}],"author":[{"embeddable":true,"href":"https:\/\/www.caririemacao.com\/1\/wp-json\/wp\/v2\/users\/1"}],"replies":[{"embeddable":true,"href":"https:\/\/www.caririemacao.com\/1\/wp-json\/wp\/v2\/comments?post=140296"}],"version-history":[{"count":1,"href":"https:\/\/www.caririemacao.com\/1\/wp-json\/wp\/v2\/posts\/140296\/revisions"}],"predecessor-version":[{"id":140298,"href":"https:\/\/www.caririemacao.com\/1\/wp-json\/wp\/v2\/posts\/140296\/revisions\/140298"}],"wp:featuredmedia":[{"embeddable":true,"href":"https:\/\/www.caririemacao.com\/1\/wp-json\/wp\/v2\/media\/140297"}],"wp:attachment":[{"href":"https:\/\/www.caririemacao.com\/1\/wp-json\/wp\/v2\/media?parent=140296"}],"wp:term":[{"taxonomy":"category","embeddable":true,"href":"https:\/\/www.caririemacao.com\/1\/wp-json\/wp\/v2\/categories?post=140296"},{"taxonomy":"post_tag","embeddable":true,"href":"https:\/\/www.caririemacao.com\/1\/wp-json\/wp\/v2\/tags?post=140296"}],"curies":[{"name":"wp","href":"https:\/\/api.w.org\/{rel}","templated":true}]}}