{"id":140299,"date":"2019-12-10T11:26:59","date_gmt":"2019-12-10T14:26:59","guid":{"rendered":"http:\/\/www.caririemacao.com\/1\/?p=140299"},"modified":"2019-12-10T11:26:59","modified_gmt":"2019-12-10T14:26:59","slug":"nova-fase-da-lava-jato-investiga-repasses-do-grupo-oi-para-empresa-de-filho-de-lula","status":"publish","type":"post","link":"https:\/\/www.caririemacao.com\/1\/2019\/12\/10\/nova-fase-da-lava-jato-investiga-repasses-do-grupo-oi-para-empresa-de-filho-de-lula\/","title":{"rendered":"Nova fase da Lava Jato investiga repasses do grupo Oi para empresa de filho de Lula"},"content":{"rendered":"\n<p>A Pol\u00edcia Federal (PF) cumpre nesta ter\u00e7a-feira (10) 47 mandados de busca a apreens\u00e3o na 69\u00aafase da Opera\u00e7\u00e3o Lava Jato que investiga repasses do grupo Oi\/Telemar para uma empresa de um dos filhos do ex-presidente Lula.<\/p>\n\n\n\n<p>At\u00e9 as 8h50, o G1 fez contato com a Oi para comentar o assunto e aguarda o retorno da empresa. A reportagem ainda n\u00e3o fez contato com a defesa dos demais citados.<\/p>\n\n\n\n<p>A a\u00e7\u00e3o foi batizada de Mapa da Mina e \u00e9 um desdobramento da 24\u00aa etapa da Lava Jato, em que o ex-presidente Luiz In\u00e1cio Lula da Silva foi levado a depor. Na ocasi\u00e3o, a defesa negou envolvimento em irregularidades, e o ex-presidente disse ter se sentido um \u201cprisioneiro\u201d.<\/p>\n\n\n\n<p>A opera\u00e7\u00e3o desta ter\u00e7a investiga os crimes de corrup\u00e7\u00e3o, tr\u00e1fico de influ\u00eancia e lavagem de dinheiro que, segundo as investiga\u00e7\u00f5es, era feita por meio de contratos de operadoras de telefonia, internet e TV por assinaturas atuantes no Brasil e no exterior.<\/p>\n\n\n\n<p>De acordo com a Pol\u00edcia Federal (PF), o montante dos repasses apurado at\u00e9 o momento chega a R$ 193 milh\u00f5es, realizados entre 2005 e 2016.<\/p>\n\n\n\n<p>As buscas s\u00e3o realizada em S\u00e3o Paulo, no Rio de Janeiro, na Bahia e no Distrito Federal. A 69\u00aa fase da Opera\u00e7\u00e3o Lava Jato autorizada pela 13\u00aa Vara Federal de Curitiba.<\/p>\n\n\n\n<p><strong>Mapa da Mina<\/strong><br>O nome desta etapa da opera\u00e7\u00e3o, segundo a PF, foi retirado de arquivo eletr\u00f4nico de apresenta\u00e7\u00e3o financeira interno do grupo econ\u00f4mico. Esse material foi apreendido na 24\u00aa fase da Lava Jato.<\/p>\n\n\n\n<p><ins><br> <\/ins><\/p>\n","protected":false},"excerpt":{"rendered":"<p>A Pol\u00edcia Federal (PF) cumpre nesta ter\u00e7a-feira (10) 47 mandados de busca a apreens\u00e3o na 69\u00aafase da Opera\u00e7\u00e3o Lava Jato que investiga repasses do grupo&hellip; <\/p>\n","protected":false},"author":1,"featured_media":140300,"comment_status":"closed","ping_status":"closed","sticky":false,"template":"","format":"standard","meta":{"sfsi_plus_gutenberg_text_before_share":"","sfsi_plus_gutenberg_show_text_before_share":"","sfsi_plus_gutenberg_icon_type":"","sfsi_plus_gutenberg_icon_alignemt":"","sfsi_plus_gutenburg_max_per_row":"","footnotes":""},"categories":[2],"tags":[],"class_list":["post-140299","post","type-post","status-publish","format-standard","has-post-thumbnail","hentry","category-geral"],"_links":{"self":[{"href":"https:\/\/www.caririemacao.com\/1\/wp-json\/wp\/v2\/posts\/140299","targetHints":{"allow":["GET"]}}],"collection":[{"href":"https:\/\/www.caririemacao.com\/1\/wp-json\/wp\/v2\/posts"}],"about":[{"href":"https:\/\/www.caririemacao.com\/1\/wp-json\/wp\/v2\/types\/post"}],"author":[{"embeddable":true,"href":"https:\/\/www.caririemacao.com\/1\/wp-json\/wp\/v2\/users\/1"}],"replies":[{"embeddable":true,"href":"https:\/\/www.caririemacao.com\/1\/wp-json\/wp\/v2\/comments?post=140299"}],"version-history":[{"count":1,"href":"https:\/\/www.caririemacao.com\/1\/wp-json\/wp\/v2\/posts\/140299\/revisions"}],"predecessor-version":[{"id":140301,"href":"https:\/\/www.caririemacao.com\/1\/wp-json\/wp\/v2\/posts\/140299\/revisions\/140301"}],"wp:featuredmedia":[{"embeddable":true,"href":"https:\/\/www.caririemacao.com\/1\/wp-json\/wp\/v2\/media\/140300"}],"wp:attachment":[{"href":"https:\/\/www.caririemacao.com\/1\/wp-json\/wp\/v2\/media?parent=140299"}],"wp:term":[{"taxonomy":"category","embeddable":true,"href":"https:\/\/www.caririemacao.com\/1\/wp-json\/wp\/v2\/categories?post=140299"},{"taxonomy":"post_tag","embeddable":true,"href":"https:\/\/www.caririemacao.com\/1\/wp-json\/wp\/v2\/tags?post=140299"}],"curies":[{"name":"wp","href":"https:\/\/api.w.org\/{rel}","templated":true}]}}