{"id":140303,"date":"2019-12-10T11:28:39","date_gmt":"2019-12-10T14:28:39","guid":{"rendered":"http:\/\/www.caririemacao.com\/1\/?p=140303"},"modified":"2019-12-10T11:28:39","modified_gmt":"2019-12-10T14:28:39","slug":"conselheiras-tutelares-tem-mandato-cassado-por-video-gritando-lula-livre-e-ironizando-moro","status":"publish","type":"post","link":"https:\/\/www.caririemacao.com\/1\/2019\/12\/10\/conselheiras-tutelares-tem-mandato-cassado-por-video-gritando-lula-livre-e-ironizando-moro\/","title":{"rendered":"Conselheiras Tutelares t\u00eam mandato cassado por v\u00eddeo gritando \u2018Lula Livre\u2019 e ironizando Moro"},"content":{"rendered":"\n<p>Eleitas para o Conselho Tutelar de Curitiba nas elei\u00e7\u00f5es de 6 de outubro, duas candidatas que apareciam em listas do campo progressista tiveram seu mandato cassado ap\u00f3s a divulga\u00e7\u00e3o de um v\u00eddeo feito pelas duas para amigos com men\u00e7\u00f5es ao ex-presidente Lula e ironias ao ex-juiz federal S\u00e9rgio Moro, que comandava a 13\u00aa Vara Federal da capital paranaense. Aline de Castro Farias e Rosana Kloster est\u00e3o recorrendo e entidades acusam o MP de persegui\u00e7\u00e3o pol\u00edtica.<\/p>\n\n\n\n<p>Reportagem da jornalista Rosiane Correia de Freitas, para o Plural, que detalha o caso, conta que as duas est\u00e3o sendo acusadas de \u201cfalta de idoneidade moral\u201d e que uma das provas usadas pelo Minist\u00e9rio P\u00fablico e pela Rede de Institui\u00e7\u00f5es de Acolhimento de Curitiba e Regi\u00e3o Metropolitana (RIA) seria um v\u00eddeo em que as duas gritam \u201cLula Livre\u201d em comemora\u00e7\u00e3o pela vit\u00f3ria nas urnas no dia 6. Segundo o MP, Aline tem uma postura \u201cagressiva e intimidadora\u201d.<\/p>\n\n\n\n<p>Postagens nas redes sociais que colocam as duas como \u201ccandidatas do campo progressista\u201d e publica\u00e7\u00f5es de Aline falando sobre o ministro da Justi\u00e7a, S\u00e9rgio Moro, tamb\u00e9m foram inclu\u00eddas no processo.<\/p>\n\n\n\n<p>A Federa\u00e7\u00e3o Democr\u00e1tica das Associa\u00e7\u00f5es de Moradores e Clubes de M\u00e3es de Curitiba (Femotiba) criticou a atua\u00e7\u00e3o do Comiss\u00e3o Eleitoral do Conselho Municipal dos Direitos da Crian\u00e7a e do Adolescente de Curitiba (Comtiba). \u201cElas foram eleitas democraticamente e fizeram uma campanha sem serem alvo de den\u00fancias por condutas vedadas. O fato de serem condenadas como inid\u00f4neas pelo Comtiba me parece mais uma persegui\u00e7\u00e3o\u201d, declarou Cirleide Silva, presidenta da federa\u00e7\u00e3o. O processo eleitoral dos conselhos tamb\u00e9m foi bastante criticado por conter uma s\u00e9rie de irregularidades.<\/p>\n\n\n\n<p>O advogado Felipe Eduardo Lopes, respons\u00e1vel pela defesa das duas candidatas, gravou um v\u00eddeo comentando o processo. \u201cAs candidatas foram simplesmente diminu\u00eddas dentro da sala do julgamento por conta unicamente do v\u00eddeo. Foi desprezada a trajet\u00f3ria de luta, resist\u00eancia, vida, sofrimento real. Essas duas mulheres sofreram muita viol\u00eancia ao longo da trajet\u00f3ria de vida delas. Elas vem de uma lugar diferente deste em que parcela da popula\u00e7\u00e3o, eu me incluo nela, vive numa bolha de seguran\u00e7a, carinho e amor\u201d, declarou.<\/p>\n\n\n\n<p><em>Com Revista Forum&nbsp;<\/em><\/p>\n","protected":false},"excerpt":{"rendered":"<p>Eleitas para o Conselho Tutelar de Curitiba nas elei\u00e7\u00f5es de 6 de outubro, duas candidatas que apareciam em listas do campo progressista tiveram seu mandato&hellip; <\/p>\n","protected":false},"author":1,"featured_media":140304,"comment_status":"closed","ping_status":"closed","sticky":false,"template":"","format":"standard","meta":{"sfsi_plus_gutenberg_text_before_share":"","sfsi_plus_gutenberg_show_text_before_share":"","sfsi_plus_gutenberg_icon_type":"","sfsi_plus_gutenberg_icon_alignemt":"","sfsi_plus_gutenburg_max_per_row":"","footnotes":""},"categories":[2],"tags":[],"class_list":["post-140303","post","type-post","status-publish","format-standard","has-post-thumbnail","hentry","category-geral"],"_links":{"self":[{"href":"https:\/\/www.caririemacao.com\/1\/wp-json\/wp\/v2\/posts\/140303","targetHints":{"allow":["GET"]}}],"collection":[{"href":"https:\/\/www.caririemacao.com\/1\/wp-json\/wp\/v2\/posts"}],"about":[{"href":"https:\/\/www.caririemacao.com\/1\/wp-json\/wp\/v2\/types\/post"}],"author":[{"embeddable":true,"href":"https:\/\/www.caririemacao.com\/1\/wp-json\/wp\/v2\/users\/1"}],"replies":[{"embeddable":true,"href":"https:\/\/www.caririemacao.com\/1\/wp-json\/wp\/v2\/comments?post=140303"}],"version-history":[{"count":1,"href":"https:\/\/www.caririemacao.com\/1\/wp-json\/wp\/v2\/posts\/140303\/revisions"}],"predecessor-version":[{"id":140305,"href":"https:\/\/www.caririemacao.com\/1\/wp-json\/wp\/v2\/posts\/140303\/revisions\/140305"}],"wp:featuredmedia":[{"embeddable":true,"href":"https:\/\/www.caririemacao.com\/1\/wp-json\/wp\/v2\/media\/140304"}],"wp:attachment":[{"href":"https:\/\/www.caririemacao.com\/1\/wp-json\/wp\/v2\/media?parent=140303"}],"wp:term":[{"taxonomy":"category","embeddable":true,"href":"https:\/\/www.caririemacao.com\/1\/wp-json\/wp\/v2\/categories?post=140303"},{"taxonomy":"post_tag","embeddable":true,"href":"https:\/\/www.caririemacao.com\/1\/wp-json\/wp\/v2\/tags?post=140303"}],"curies":[{"name":"wp","href":"https:\/\/api.w.org\/{rel}","templated":true}]}}