{"id":140307,"date":"2019-12-10T11:29:31","date_gmt":"2019-12-10T14:29:31","guid":{"rendered":"http:\/\/www.caririemacao.com\/1\/?p=140307"},"modified":"2019-12-10T11:29:31","modified_gmt":"2019-12-10T14:29:31","slug":"familias-com-portadores-de-microcefalia-terao-unidades-reservadas-em-programas-habitacionais","status":"publish","type":"post","link":"https:\/\/www.caririemacao.com\/1\/2019\/12\/10\/familias-com-portadores-de-microcefalia-terao-unidades-reservadas-em-programas-habitacionais\/","title":{"rendered":"Fam\u00edlias com portadores de microcefalia ter\u00e3o unidades reservadas em programas habitacionais"},"content":{"rendered":"\n<p>Os programas habitacionais do Estado da Para\u00edba dever\u00e3o reservar pelo menos uma unidade de habita\u00e7\u00e3o para fam\u00edlias que possuam membros portadores de microcefalia. A lei, de autoria do deputado Ricardo Barbosa, foi publicada no Di\u00e1rio Oficial do Estado desta ter\u00e7a-feira (10) e j\u00e1 est\u00e1 em vigor.<\/p>\n\n\n\n<p>Al\u00e9m disso, as fam\u00edlias que possuem membros portadores de microcefalia ter\u00e3o prioridade na escolha da localiza\u00e7\u00e3o dos im\u00f3veis.<\/p>\n\n\n\n<p>A comprova\u00e7\u00e3o do estado de necessidade especial ser\u00e1 feita por documento m\u00e9dico encaminhado pelo Sistema \u00danico de Sa\u00fade (SUS). Para serem beneficiados, os membros da fam\u00edlia devem ser de 1\u00ba ou 2\u00ba grau.<\/p>\n\n\n\n<p>A lei define como habita\u00e7\u00e3o de interesse social as casas, apartamentos ou lotes urbanizados destinados \u00e0 popula\u00e7\u00e3o cujo n\u00edvel de renda dificulta ou impede o acesso \u00e0 moradia por meio dos mecanismos normais do mercado imobili\u00e1rio.<\/p>\n\n\n\n<p>A reserva exclusiva n\u00e3o impede que as fam\u00edlias que possuem membros portadores de microcefalia participem da distribui\u00e7\u00e3o geral dos im\u00f3veis por ordem de inscri\u00e7\u00e3o, por sorteio ou por qualquer outro crit\u00e9rio legalmente estabelecido.<\/p>\n","protected":false},"excerpt":{"rendered":"<p>Os programas habitacionais do Estado da Para\u00edba dever\u00e3o reservar pelo menos uma unidade de habita\u00e7\u00e3o para fam\u00edlias que possuam membros portadores de microcefalia. A lei,&hellip; <\/p>\n","protected":false},"author":1,"featured_media":66358,"comment_status":"closed","ping_status":"closed","sticky":false,"template":"","format":"standard","meta":{"sfsi_plus_gutenberg_text_before_share":"","sfsi_plus_gutenberg_show_text_before_share":"","sfsi_plus_gutenberg_icon_type":"","sfsi_plus_gutenberg_icon_alignemt":"","sfsi_plus_gutenburg_max_per_row":"","footnotes":""},"categories":[11],"tags":[],"class_list":["post-140307","post","type-post","status-publish","format-standard","has-post-thumbnail","hentry","category-politica"],"_links":{"self":[{"href":"https:\/\/www.caririemacao.com\/1\/wp-json\/wp\/v2\/posts\/140307","targetHints":{"allow":["GET"]}}],"collection":[{"href":"https:\/\/www.caririemacao.com\/1\/wp-json\/wp\/v2\/posts"}],"about":[{"href":"https:\/\/www.caririemacao.com\/1\/wp-json\/wp\/v2\/types\/post"}],"author":[{"embeddable":true,"href":"https:\/\/www.caririemacao.com\/1\/wp-json\/wp\/v2\/users\/1"}],"replies":[{"embeddable":true,"href":"https:\/\/www.caririemacao.com\/1\/wp-json\/wp\/v2\/comments?post=140307"}],"version-history":[{"count":1,"href":"https:\/\/www.caririemacao.com\/1\/wp-json\/wp\/v2\/posts\/140307\/revisions"}],"predecessor-version":[{"id":140308,"href":"https:\/\/www.caririemacao.com\/1\/wp-json\/wp\/v2\/posts\/140307\/revisions\/140308"}],"wp:featuredmedia":[{"embeddable":true,"href":"https:\/\/www.caririemacao.com\/1\/wp-json\/wp\/v2\/media\/66358"}],"wp:attachment":[{"href":"https:\/\/www.caririemacao.com\/1\/wp-json\/wp\/v2\/media?parent=140307"}],"wp:term":[{"taxonomy":"category","embeddable":true,"href":"https:\/\/www.caririemacao.com\/1\/wp-json\/wp\/v2\/categories?post=140307"},{"taxonomy":"post_tag","embeddable":true,"href":"https:\/\/www.caririemacao.com\/1\/wp-json\/wp\/v2\/tags?post=140307"}],"curies":[{"name":"wp","href":"https:\/\/api.w.org\/{rel}","templated":true}]}}