{"id":140309,"date":"2019-12-10T13:05:18","date_gmt":"2019-12-10T16:05:18","guid":{"rendered":"http:\/\/www.caririemacao.com\/1\/?p=140309"},"modified":"2019-12-10T13:05:18","modified_gmt":"2019-12-10T16:05:18","slug":"prefeitura-de-amparo-realiza-pagamento-da-segunda-parcela-do-13o-salario-nessa-terca-feira","status":"publish","type":"post","link":"https:\/\/www.caririemacao.com\/1\/2019\/12\/10\/prefeitura-de-amparo-realiza-pagamento-da-segunda-parcela-do-13o-salario-nessa-terca-feira\/","title":{"rendered":"Prefeitura de Amparo realiza pagamento da segunda parcela do 13\u00ba sal\u00e1rio nessa ter\u00e7a-feira"},"content":{"rendered":"\n<p>A gest\u00e3o do prefeito In\u00e1cio N\u00f3brega e o do vice-prefeito Flavio Messias confirmou nessa ter\u00e7a-feira (10) o pagamento da segunda parcela do 13\u00ba sal\u00e1rio para servidores municipais. O repasse foi realizado durante a manh\u00e3 ao banco respons\u00e1vel em fazer os pagamentos\u00a0 no final da tarde ja deve estar dispon\u00edvel para que os funcion\u00e1rios fa\u00e7am o saque.<br><\/p>\n\n\n\n<p>A primeira parcela do 13\u00ba foi paga no dia 10 de Julho e hoje, a Prefeitura paga a Segunda parcela, confirmando a responsabilidade e compromisso com a popula\u00e7\u00e3o Amparense.<br><\/p>\n\n\n\n<p>Amparo Ligado <\/p>\n","protected":false},"excerpt":{"rendered":"<p>A gest\u00e3o do prefeito In\u00e1cio N\u00f3brega e o do vice-prefeito Flavio Messias confirmou nessa ter\u00e7a-feira (10) o pagamento da segunda parcela do 13\u00ba sal\u00e1rio para&hellip; <\/p>\n","protected":false},"author":1,"featured_media":140310,"comment_status":"closed","ping_status":"closed","sticky":false,"template":"","format":"standard","meta":{"sfsi_plus_gutenberg_text_before_share":"","sfsi_plus_gutenberg_show_text_before_share":"","sfsi_plus_gutenberg_icon_type":"","sfsi_plus_gutenberg_icon_alignemt":"","sfsi_plus_gutenburg_max_per_row":"","footnotes":""},"categories":[6],"tags":[],"class_list":["post-140309","post","type-post","status-publish","format-standard","has-post-thumbnail","hentry","category-cidades"],"_links":{"self":[{"href":"https:\/\/www.caririemacao.com\/1\/wp-json\/wp\/v2\/posts\/140309","targetHints":{"allow":["GET"]}}],"collection":[{"href":"https:\/\/www.caririemacao.com\/1\/wp-json\/wp\/v2\/posts"}],"about":[{"href":"https:\/\/www.caririemacao.com\/1\/wp-json\/wp\/v2\/types\/post"}],"author":[{"embeddable":true,"href":"https:\/\/www.caririemacao.com\/1\/wp-json\/wp\/v2\/users\/1"}],"replies":[{"embeddable":true,"href":"https:\/\/www.caririemacao.com\/1\/wp-json\/wp\/v2\/comments?post=140309"}],"version-history":[{"count":1,"href":"https:\/\/www.caririemacao.com\/1\/wp-json\/wp\/v2\/posts\/140309\/revisions"}],"predecessor-version":[{"id":140311,"href":"https:\/\/www.caririemacao.com\/1\/wp-json\/wp\/v2\/posts\/140309\/revisions\/140311"}],"wp:featuredmedia":[{"embeddable":true,"href":"https:\/\/www.caririemacao.com\/1\/wp-json\/wp\/v2\/media\/140310"}],"wp:attachment":[{"href":"https:\/\/www.caririemacao.com\/1\/wp-json\/wp\/v2\/media?parent=140309"}],"wp:term":[{"taxonomy":"category","embeddable":true,"href":"https:\/\/www.caririemacao.com\/1\/wp-json\/wp\/v2\/categories?post=140309"},{"taxonomy":"post_tag","embeddable":true,"href":"https:\/\/www.caririemacao.com\/1\/wp-json\/wp\/v2\/tags?post=140309"}],"curies":[{"name":"wp","href":"https:\/\/api.w.org\/{rel}","templated":true}]}}