{"id":140315,"date":"2019-12-10T15:51:59","date_gmt":"2019-12-10T18:51:59","guid":{"rendered":"http:\/\/www.caririemacao.com\/1\/?p=140315"},"modified":"2019-12-10T15:51:59","modified_gmt":"2019-12-10T18:51:59","slug":"divulgado-resultado-preliminar-do-processo-seletivo-de-agente-comunitario-de-saude-area-frei-damiao","status":"publish","type":"post","link":"https:\/\/www.caririemacao.com\/1\/2019\/12\/10\/divulgado-resultado-preliminar-do-processo-seletivo-de-agente-comunitario-de-saude-area-frei-damiao\/","title":{"rendered":"Divulgado resultado preliminar do Processo Seletivo de Agente Comunit\u00e1rio de Sa\u00fade \u2013 \u00c1rea Frei Dami\u00e3o"},"content":{"rendered":"\n<p>A Comiss\u00e3o Organizadora de Realiza\u00e7\u00e3o, Fiscaliza\u00e7\u00e3o e Acompanhamento, nomeada pela&nbsp;<strong>Portaria n\u00b0 5.847\/2019-GAPRE<\/strong>, torna p\u00fablico a Resultado Preliminar do Processo Seletivo P\u00fablico n\u00ba 13\/2019-PMS, obedecida a ordem decrescente da pontua\u00e7\u00e3o obtida na prova escrita.<\/p>\n\n\n\n<table class=\"wp-block-table\"><tbody><tr><td><strong>\u00c1REA 06 \u2013 MICRO\u00c1REA 25<\/strong><\/td><\/tr><tr><td><strong>N\u00ba INSCRI\u00c7\u00c3O<\/strong><\/td><td><strong>NOME DO CANDIDATO<\/strong><\/td><td><strong>PONTUA\u00c7\u00c3O<\/strong><\/td><td><strong>Posi\u00e7\u00e3o<\/strong><\/td><td><strong>SITUA\u00c7\u00c3O<\/strong><\/td><\/tr><tr><td><strong>Port.<\/strong><\/td><td><strong>Mat.<\/strong><\/td><td><strong>Infor.<\/strong><\/td><td><strong>Conhec. Espec.<\/strong><\/td><td><strong>Total<\/strong><\/td><\/tr><tr><td><strong>021\/2019<\/strong><\/td><td>JULIANE LOPES DE MELO<\/td><td>20,00<\/td><td>4,00<\/td><td>6,00<\/td><td>48,00<\/td><td><strong>78,00<\/strong><\/td><td>1\u00ba<\/td><td><strong>APROVADA<\/strong><\/td><\/tr><tr><td><strong>006\/2019<\/strong><\/td><td>JOS\u00c9 MAURITI GOMES DE SOUSA JUNIOR<\/td><td>14,00<\/td><td>6,00<\/td><td>4,00<\/td><td>45,00<\/td><td><strong>69,00<\/strong><\/td><td>2\u00ba<\/td><td><strong>Classificado<\/strong><\/td><\/tr><tr><td><strong>007\/2019<\/strong><\/td><td>JOS\u00c9 FERNANDES DE OLIVEIRA<\/td><td>12,00<\/td><td>4,00<\/td><td>6,00<\/td><td>45,00<\/td><td><strong>67,00<\/strong><\/td><td>3\u00ba<\/td><td><strong>Classificado<\/strong><\/td><\/tr><tr><td><strong>010\/2019<\/strong><\/td><td>ANDRESA PIRES DA COSTA<\/td><td>10,00<\/td><td>2,00<\/td><td>6,00<\/td><td>48,00<\/td><td><strong>66,00<\/strong><\/td><td>4\u00ba<\/td><td>Classificada<\/td><\/tr><tr><td><strong>003\/2019<\/strong><\/td><td>LUCINEIA ALVES DA SILVA CAETANO<\/td><td>6,00<\/td><td>4,00<\/td><td>6,00<\/td><td>45,00<\/td><td><strong>61,00<\/strong><\/td><td>5\u00ba<\/td><td>Classificada<\/td><\/tr><tr><td><strong>032\/2019<\/strong><\/td><td>LUCAS BARNAB\u00c9 MACIEL DE SOUSA<\/td><td>14,00<\/td><td>2,00<\/td><td>8,00<\/td><td>36,00<\/td><td><strong>60,00<\/strong><\/td><td>6\u00ba<\/td><td>Classificado<\/td><\/tr><tr><td><strong>002\/2019<\/strong><\/td><td>ARIANE DE SOUSA GON\u00c7ALVES<\/td><td>8,00<\/td><td>6,00<\/td><td>6,00<\/td><td>39,000<\/td><td><strong>59,00<\/strong><\/td><td>7\u00aa<\/td><td>Classificada<\/td><\/tr><tr><td><strong>029\/2019<\/strong><\/td><td>JOS\u00c9 DAMILES DE SOUSA<\/td><td>10,00<\/td><td>2,00<\/td><td>04,00<\/td><td>42,00<\/td><td><strong>58,00<\/strong><\/td><td>8\u00ba<\/td><td>Classificado<\/td><\/tr><tr><td><strong>013\/2019<\/strong><\/td><td>VIN\u00cdCIUS DE CARVALHO ARA\u00daJO<\/td><td>12,00<\/td><td>4,00<\/td><td>6,00<\/td><td>36,00<\/td><td><strong>58,00<\/strong><\/td><td>9\u00ba<\/td><td>Classificado<\/td><\/tr><tr><td><strong>031\/2019<\/strong><\/td><td>MARIA DO SOCORRO DEODATO DA SILVA<\/td><td>8,00<\/td><td>2,00<\/td><td>8,00<\/td><td>39,00<\/td><td><strong>57,00<\/strong><\/td><td>10\u00ba<\/td><td>Classificada<\/td><\/tr><tr><td><strong>012\/2019<\/strong><\/td><td>ARTHUR FERNANDO DE MELO FEITOSA<\/td><td>8,00<\/td><td>4,00<\/td><td>6,00<\/td><td>39,00<\/td><td><strong>57,00<\/strong><\/td><td>11\u00ba<\/td><td>Classificado<\/td><\/tr><tr><td><strong>017\/2019<\/strong><\/td><td>INGRID CAETANO NOGUEIRA<\/td><td>12,00<\/td><td>2,00<\/td><td>4,00<\/td><td>39,00<\/td><td><strong>57,00<\/strong><\/td><td>12\u00ba<\/td><td>Classificada<\/td><\/tr><tr><td><strong>014\/2019<\/strong><\/td><td>GENILDA DA SILVA CARVALHO<\/td><td>10,00<\/td><td>4,00<\/td><td>6,00<\/td><td>36,00<\/td><td><strong>56,00<\/strong><\/td><td>13\u00ba<\/td><td>Classificada<\/td><\/tr><tr><td><strong>015\/2019<\/strong><\/td><td>KLYSNA THAMYRES DA SILVA LEITE<\/td><td>8,00<\/td><td>2,00<\/td><td>4,00<\/td><td>42,00<\/td><td><strong>56,00<\/strong><\/td><td>14\u00ba<\/td><td>Classificada<\/td><\/tr><tr><td><strong>004\/2019<\/strong><\/td><td>MARILDA AMORIM DE LIMA SILVA<\/td><td>10,00<\/td><td>4,00<\/td><td>4,00<\/td><td>36,00<\/td><td><strong>54,00<\/strong><\/td><td>15\u00ba<\/td><td>Classificada<\/td><\/tr><tr><td><strong>005\/2019<\/strong><\/td><td>ADRIANE NOGUEIRA DE CARVALHO<\/td><td>8,00<\/td><td>0<\/td><td>6,00<\/td><td>42,00<\/td><td><strong>56,00<\/strong><\/td><td>16\u00ba<\/td><td>Desclassificada<\/td><\/tr><tr><td><strong>016\/2019<\/strong><\/td><td>LOURIELSON DA MOTA ALVES<\/td><td>18,00<\/td><td>0<\/td><td>8,00<\/td><td>33,00<\/td><td><strong>59,00<\/strong><\/td><td>17\u00ba<\/td><td>Desclassificado<\/td><\/tr><tr><td><strong>025\/2019<\/strong><\/td><td>EDNILTON SILVA ESTENDIO<\/td><td>08,00<\/td><td>0<\/td><td>6,00<\/td><td>33,00<\/td><td><strong>47,00<\/strong><\/td><td>18\u00ba<\/td><td>Desclassificado<\/td><\/tr><tr><td><strong>018\/2019<\/strong><\/td><td>ELISEU BARROS FERNANDES LAMEU<\/td><td>10,00<\/td><td>2,00<\/td><td>2,00<\/td><td>33,00<\/td><td><strong>47,00<\/strong><\/td><td>19\u00ba<\/td><td>Desclassificado<\/td><\/tr><tr><td><strong>024\/2019<\/strong><\/td><td>JEFERSON RAUAN DE LIMA AMORIM<\/td><td>12,00<\/td><td>0<\/td><td>4,00<\/td><td>30,00<\/td><td><strong>46,00<\/strong><\/td><td>20\u00ba<\/td><td>Desclassificado<\/td><\/tr><tr><td><strong>011\/2019<\/strong><\/td><td>ISLANA RAQUEL RIBEIRO DO NASCIMENTO<\/td><td>4,00<\/td><td>4,00<\/td><td>6,00<\/td><td>30,00<\/td><td><strong>44,00<\/strong><\/td><td>21\u00ba<\/td><td>Desclassificada<\/td><\/tr><tr><td><strong>001\/2019<\/strong><\/td><td>PABLO DIEGO DOS SANTOS VIEIRA<\/td><td>6,00<\/td><td>6,00<\/td><td>4,00<\/td><td>27,00<\/td><td><strong>43,00<\/strong><\/td><td>22\u00ba<\/td><td>Desclassificado<\/td><\/tr><tr><td><strong>008\/2019<\/strong><\/td><td>MARIANE CAZUZA SANTOS<\/td><td>8,00<\/td><td>2,00<\/td><td>8,00<\/td><td>24,00<\/td><td><strong>42,00<\/strong><\/td><td>23\u00ba<\/td><td>Desclassificado<\/td><\/tr><tr><td><strong>027\/2019<\/strong><\/td><td>PAULO ROBERTO DE LIMA<\/td><td>2,00<\/td><td>0<\/td><td>8,00<\/td><td>24,00<\/td><td><strong>34,00<\/strong><\/td><td>24\u00ba<\/td><td>Desclassificado<\/td><\/tr><tr><td><strong>028\/2019<\/strong><\/td><td>IVONALDO BARBOSA<\/td><td>4,00<\/td><td>4,00<\/td><td>6,00<\/td><td>18,00<\/td><td><strong>32,00<\/strong><\/td><td>25\u00ba<\/td><td>Desclassificado<\/td><\/tr><tr><td><strong>009\/2019<\/strong><\/td><td>LUCAS BRITO DOS SANTOS<\/td><td>10,00<\/td><td>4,00<\/td><td>2,00<\/td><td>15,00<\/td><td><strong>31,00<\/strong><\/td><td>26\u00ba<\/td><td>Desclassificado<\/td><\/tr><tr><td><strong>022\/2019<\/strong><\/td><td>MARILENE DOS SANTOS RAMOS<\/td><td>2,00<\/td><td>2,00<\/td><td>2,00<\/td><td>21,00<\/td><td><strong>27,00<\/strong><\/td><td>27\u00ba<\/td><td>Desclassificada<\/td><\/tr><tr><td><strong>019\/2019<\/strong><\/td><td>IANE DA MOTA ARA\u00daJO<\/td><td>2,00<\/td><td>4,00<\/td><td>2,00<\/td><td>18,00<\/td><td><strong>26,00<\/strong><\/td><td>28\u00ba<\/td><td>Desclassificada<\/td><\/tr><tr><td><strong>030\/2019<\/strong><\/td><td>L\u00cdVIA CATARINA DA SILVA RODRIGUES<\/td><td>2,00<\/td><td>6,00<\/td><td>2,00<\/td><td>12,00<\/td><td><strong>22,00<\/strong><\/td><td>29\u00ba<\/td><td>Desclassificada<\/td><\/tr><tr><td><strong>020\/2019<\/strong><\/td><td>VANUSA ALVES GEN\u00c9SIO<\/td><td>&nbsp;___<\/td><td>___<\/td><td>___<\/td><td>___<\/td><td>___<\/td><td>30\u00ba<\/td><td>EXCLU\u00cdDA<\/td><\/tr><tr><td><strong>023\/2019<\/strong><\/td><td>BRUNO DE SOUSA ALMEIDA<\/td><td>&nbsp;___<\/td><td>___<\/td><td>___<\/td><td>___<\/td><td>___<\/td><td>31\u00ba<\/td><td>EXCLU\u00cdDO<\/td><\/tr><tr><td><strong>026\/2019<\/strong><\/td><td>MARIA C\u00c1SSIA SOUSA DE ANDRADE<\/td><td>&nbsp;___<\/td><td>___<\/td><td>___<\/td><td>___<\/td><td>___<\/td><td>32\u00ba<\/td><td>EXCLU\u00cdDA<\/td><\/tr><\/tbody><\/table>\n\n\n\n<p>Os candidatos que desejarem recorrer do presente resultado preliminar ter\u00e3o o prazo de 2 (dois) dias \u00fateis subsequentes a data de publica\u00e7\u00e3o do resultado, Conforme previsto no 8.1 do edital do Processo Seletivo P\u00fablico n\u00ba 13\/2019.<\/p>\n\n\n\n<p>Sum\u00e9, PB, em 10 de Dezembro de 2019.<\/p>\n\n\n\n<p>RENATO MENDON\u00c7A DE LIMA<\/p>\n\n\n\n<p>Presidente da Comiss\u00e3o<\/p>\n\n\n\n<p>LADJA NAFTALY RODRIGUES DE OLIVEIRA<\/p>\n\n\n\n<p>Membro da Comiss\u00e3o<\/p>\n\n\n\n<p>ANNA MAGDA DA CONCEI\u00c7\u00c3O SOUSA CANTALICE<\/p>\n\n\n\n<p>Membro da Comiss\u00e3o<\/p>\n","protected":false},"excerpt":{"rendered":"<p>A Comiss\u00e3o Organizadora de Realiza\u00e7\u00e3o, Fiscaliza\u00e7\u00e3o e Acompanhamento, nomeada pela&nbsp;Portaria n\u00b0 5.847\/2019-GAPRE, torna p\u00fablico a Resultado Preliminar do Processo Seletivo P\u00fablico n\u00ba 13\/2019-PMS, obedecida a&hellip; <\/p>\n","protected":false},"author":1,"featured_media":14830,"comment_status":"closed","ping_status":"closed","sticky":false,"template":"","format":"standard","meta":{"sfsi_plus_gutenberg_text_before_share":"","sfsi_plus_gutenberg_show_text_before_share":"","sfsi_plus_gutenberg_icon_type":"","sfsi_plus_gutenberg_icon_alignemt":"","sfsi_plus_gutenburg_max_per_row":"","footnotes":""},"categories":[6],"tags":[],"class_list":["post-140315","post","type-post","status-publish","format-standard","has-post-thumbnail","hentry","category-cidades"],"_links":{"self":[{"href":"https:\/\/www.caririemacao.com\/1\/wp-json\/wp\/v2\/posts\/140315","targetHints":{"allow":["GET"]}}],"collection":[{"href":"https:\/\/www.caririemacao.com\/1\/wp-json\/wp\/v2\/posts"}],"about":[{"href":"https:\/\/www.caririemacao.com\/1\/wp-json\/wp\/v2\/types\/post"}],"author":[{"embeddable":true,"href":"https:\/\/www.caririemacao.com\/1\/wp-json\/wp\/v2\/users\/1"}],"replies":[{"embeddable":true,"href":"https:\/\/www.caririemacao.com\/1\/wp-json\/wp\/v2\/comments?post=140315"}],"version-history":[{"count":1,"href":"https:\/\/www.caririemacao.com\/1\/wp-json\/wp\/v2\/posts\/140315\/revisions"}],"predecessor-version":[{"id":140316,"href":"https:\/\/www.caririemacao.com\/1\/wp-json\/wp\/v2\/posts\/140315\/revisions\/140316"}],"wp:featuredmedia":[{"embeddable":true,"href":"https:\/\/www.caririemacao.com\/1\/wp-json\/wp\/v2\/media\/14830"}],"wp:attachment":[{"href":"https:\/\/www.caririemacao.com\/1\/wp-json\/wp\/v2\/media?parent=140315"}],"wp:term":[{"taxonomy":"category","embeddable":true,"href":"https:\/\/www.caririemacao.com\/1\/wp-json\/wp\/v2\/categories?post=140315"},{"taxonomy":"post_tag","embeddable":true,"href":"https:\/\/www.caririemacao.com\/1\/wp-json\/wp\/v2\/tags?post=140315"}],"curies":[{"name":"wp","href":"https:\/\/api.w.org\/{rel}","templated":true}]}}