{"id":140319,"date":"2019-12-10T15:54:38","date_gmt":"2019-12-10T18:54:38","guid":{"rendered":"http:\/\/www.caririemacao.com\/1\/?p=140319"},"modified":"2019-12-10T15:54:38","modified_gmt":"2019-12-10T18:54:38","slug":"bolsonaro-assina-hoje-mp-da-regularizacao-fundiaria","status":"publish","type":"post","link":"https:\/\/www.caririemacao.com\/1\/2019\/12\/10\/bolsonaro-assina-hoje-mp-da-regularizacao-fundiaria\/","title":{"rendered":"Bolsonaro assina hoje MP da regulariza\u00e7\u00e3o fundi\u00e1ria"},"content":{"rendered":"\n<p>Na medida provis\u00f3ria da Regulariza\u00e7\u00e3o Fundi\u00e1ria que ser\u00e1 assinada nesta tarde pelo presidente Jair Bolsonaro no Pal\u00e1cio do Planalto n\u00e3o dever\u00e1 estar prevista a autodeclara\u00e7\u00e3o, que \u00e9 quando o interessado diz onde \u00e9 a sua propriedade e h\u00e1 quanto tempo a ocupa.<\/p>\n\n\n\n<p>A informa\u00e7\u00e3o \u00e9 do pr\u00f3prio presidente, que conversou com a imprensa mais cedo, ao sair do Pal\u00e1cio da Alvorada.<\/p>\n\n\n\n<p>Segundo ele, com a titulariza\u00e7\u00e3o de terras, \u00e9 poss\u00edvel apurar responsabilidades, por exemplo, em caso de crime ambiental.<\/p>\n\n\n\n<p>Essa medida provis\u00f3ria da regulariza\u00e7\u00e3o fundi\u00e1ria j\u00e1 estava em estudo, pelo menos desde outubro, quando o secret\u00e1rio especial de Assuntos Fundi\u00e1rios, Luiz Ant\u00f4nio Nabhan Garcia, disse que seria por autodeclara\u00e7\u00e3o, mas com o uso de tecnologias, como o georreferenciamento, por exemplo.<\/p>\n\n\n\n<p>Ainda em agosto, governadores dos estados da Amaz\u00f4nia Legal j\u00e1 haviam pedido ao presidente, durante reuni\u00e3o, um programa de regulariza\u00e7\u00e3o fundi\u00e1ria para a regi\u00e3o.<\/p>\n\n\n\n<p>Outro assunto citado pelo presidente na conversa com jornalistas foi a proposta que trata da possibilidade de pris\u00e3o em segunda inst\u00e2ncia, em discuss\u00e3o tanto na C\u00e2mara quanto no Senado. Ele deixou claro que n\u00e3o procura interferir em quest\u00f5es do parlamento e acrescentou: os poderes s\u00e3o independentes.<\/p>\n","protected":false},"excerpt":{"rendered":"<p>Na medida provis\u00f3ria da Regulariza\u00e7\u00e3o Fundi\u00e1ria que ser\u00e1 assinada nesta tarde pelo presidente Jair Bolsonaro no Pal\u00e1cio do Planalto n\u00e3o dever\u00e1 estar prevista a autodeclara\u00e7\u00e3o,&hellip; <\/p>\n","protected":false},"author":1,"featured_media":132377,"comment_status":"closed","ping_status":"closed","sticky":false,"template":"","format":"standard","meta":{"sfsi_plus_gutenberg_text_before_share":"","sfsi_plus_gutenberg_show_text_before_share":"","sfsi_plus_gutenberg_icon_type":"","sfsi_plus_gutenberg_icon_alignemt":"","sfsi_plus_gutenburg_max_per_row":"","footnotes":""},"categories":[11],"tags":[],"class_list":["post-140319","post","type-post","status-publish","format-standard","has-post-thumbnail","hentry","category-politica"],"_links":{"self":[{"href":"https:\/\/www.caririemacao.com\/1\/wp-json\/wp\/v2\/posts\/140319","targetHints":{"allow":["GET"]}}],"collection":[{"href":"https:\/\/www.caririemacao.com\/1\/wp-json\/wp\/v2\/posts"}],"about":[{"href":"https:\/\/www.caririemacao.com\/1\/wp-json\/wp\/v2\/types\/post"}],"author":[{"embeddable":true,"href":"https:\/\/www.caririemacao.com\/1\/wp-json\/wp\/v2\/users\/1"}],"replies":[{"embeddable":true,"href":"https:\/\/www.caririemacao.com\/1\/wp-json\/wp\/v2\/comments?post=140319"}],"version-history":[{"count":1,"href":"https:\/\/www.caririemacao.com\/1\/wp-json\/wp\/v2\/posts\/140319\/revisions"}],"predecessor-version":[{"id":140320,"href":"https:\/\/www.caririemacao.com\/1\/wp-json\/wp\/v2\/posts\/140319\/revisions\/140320"}],"wp:featuredmedia":[{"embeddable":true,"href":"https:\/\/www.caririemacao.com\/1\/wp-json\/wp\/v2\/media\/132377"}],"wp:attachment":[{"href":"https:\/\/www.caririemacao.com\/1\/wp-json\/wp\/v2\/media?parent=140319"}],"wp:term":[{"taxonomy":"category","embeddable":true,"href":"https:\/\/www.caririemacao.com\/1\/wp-json\/wp\/v2\/categories?post=140319"},{"taxonomy":"post_tag","embeddable":true,"href":"https:\/\/www.caririemacao.com\/1\/wp-json\/wp\/v2\/tags?post=140319"}],"curies":[{"name":"wp","href":"https:\/\/api.w.org\/{rel}","templated":true}]}}