{"id":140321,"date":"2019-12-10T15:55:49","date_gmt":"2019-12-10T18:55:49","guid":{"rendered":"http:\/\/www.caririemacao.com\/1\/?p=140321"},"modified":"2019-12-10T15:55:49","modified_gmt":"2019-12-10T18:55:49","slug":"joao-garante-continuidade-do-gol-de-placa-em-2020-mas-anuncia-novo-formato","status":"publish","type":"post","link":"https:\/\/www.caririemacao.com\/1\/2019\/12\/10\/joao-garante-continuidade-do-gol-de-placa-em-2020-mas-anuncia-novo-formato\/","title":{"rendered":"Jo\u00e3o garante continuidade do \u2018Gol de Placa\u2019 em 2020, mas anuncia novo formato"},"content":{"rendered":"\n<p> Para quem temia pelo fim do programa \u2018Gol de Placa\u2019, o\u00a0<a rel=\"noreferrer noopener\" href=\"https:\/\/paraibaja.com.br\/joao-azevedo-entrega-reforma-de-escolas-em-jp-e-autoriza-obras-pocinhos\/\" target=\"_blank\"><strong>governador Jo\u00e3o Azev\u00eado<\/strong><\/a>\u00a0(sem partido) n\u00e3o deixou d\u00favidas e garantiu que a troca de ingressos vai permanecer para a pr\u00f3xima temporada na demanda do calend\u00e1rio dos times paraibanos. Em meio a tantas interroga\u00e7\u00f5es sobre o andamento do benef\u00edcio, ele afirmou tamb\u00e9m que um novo formato deve ser elaborado, a fim de evitar qualquer tipo de imprevisto, como aconteceu neste ano. <\/p>\n\n\n\n<p>A mudan\u00e7a vai acontecer em medida \u00e0s supostas fraudes que teriam acontecido no Estadual deste ano e em busca de precau\u00e7\u00e3o \u00e0s recorr\u00eancias que sempre podem calhar de acontecer.<\/p>\n\n\n\n<p>\u201cEst\u00e1 sendo feita uma an\u00e1lise pelo Minist\u00e9rio P\u00fablico Estadual. N\u00f3s esperamos que, ap\u00f3s a assinatura do termo de leni\u00eancia, que for assinado com o Minist\u00e9rio P\u00fablico e com os clubes, n\u00f3s entraremos novamente. O governo tem interesse de dar continuidade num outro modelo para evitar o tipo de problema que ocorreu com o \u2018Gol de Placa\u2019. Mas n\u00f3s vamos retomar, a partir de janeiro, com certeza\u201d, assegurou o governador Jo\u00e3o Azev\u00eado.<\/p>\n\n\n\n<p>No \u00faltimo m\u00eas de setembro, o secret\u00e1rio de Juventude, Esporte e Lazer da Para\u00edba, Herv\u00e1zio Bezerra, anunciou que, a pedido do governador, a altera\u00e7\u00e3o passaria diretamente pelo veto da troca de ingressos, voltando, assim, ao modelo antigo do programa, onde os recursos eram passados direto aos clubes.<\/p>\n\n\n\n<p>Jo\u00e3o Azev\u00eado, por\u00e9m, n\u00e3o definiu uma data pr\u00e9via para apresenta\u00e7\u00e3o do novo formato do \u2018Gol de Placa\u2019 para o ano de 2020. Com regulamento definido e a maioria dos times j\u00e1 em curso de pr\u00e9-temporada, o Campeonato Paraibano tem in\u00edcio marcado para o dia 19 de janeiro. As informa\u00e7\u00f5es s\u00e3o do&nbsp;<a href=\"https:\/\/globoesporte.globo.com\/pb\" target=\"_blank\" rel=\"noreferrer noopener\"><strong>Globo Esporte<\/strong><\/a>.<\/p>\n","protected":false},"excerpt":{"rendered":"<p>Para quem temia pelo fim do programa \u2018Gol de Placa\u2019, o\u00a0governador Jo\u00e3o Azev\u00eado\u00a0(sem partido) n\u00e3o deixou d\u00favidas e garantiu que a troca de ingressos vai&hellip; <\/p>\n","protected":false},"author":1,"featured_media":100671,"comment_status":"closed","ping_status":"closed","sticky":false,"template":"","format":"standard","meta":{"sfsi_plus_gutenberg_text_before_share":"","sfsi_plus_gutenberg_show_text_before_share":"","sfsi_plus_gutenberg_icon_type":"","sfsi_plus_gutenberg_icon_alignemt":"","sfsi_plus_gutenburg_max_per_row":"","footnotes":""},"categories":[11],"tags":[],"class_list":["post-140321","post","type-post","status-publish","format-standard","has-post-thumbnail","hentry","category-politica"],"_links":{"self":[{"href":"https:\/\/www.caririemacao.com\/1\/wp-json\/wp\/v2\/posts\/140321","targetHints":{"allow":["GET"]}}],"collection":[{"href":"https:\/\/www.caririemacao.com\/1\/wp-json\/wp\/v2\/posts"}],"about":[{"href":"https:\/\/www.caririemacao.com\/1\/wp-json\/wp\/v2\/types\/post"}],"author":[{"embeddable":true,"href":"https:\/\/www.caririemacao.com\/1\/wp-json\/wp\/v2\/users\/1"}],"replies":[{"embeddable":true,"href":"https:\/\/www.caririemacao.com\/1\/wp-json\/wp\/v2\/comments?post=140321"}],"version-history":[{"count":1,"href":"https:\/\/www.caririemacao.com\/1\/wp-json\/wp\/v2\/posts\/140321\/revisions"}],"predecessor-version":[{"id":140322,"href":"https:\/\/www.caririemacao.com\/1\/wp-json\/wp\/v2\/posts\/140321\/revisions\/140322"}],"wp:featuredmedia":[{"embeddable":true,"href":"https:\/\/www.caririemacao.com\/1\/wp-json\/wp\/v2\/media\/100671"}],"wp:attachment":[{"href":"https:\/\/www.caririemacao.com\/1\/wp-json\/wp\/v2\/media?parent=140321"}],"wp:term":[{"taxonomy":"category","embeddable":true,"href":"https:\/\/www.caririemacao.com\/1\/wp-json\/wp\/v2\/categories?post=140321"},{"taxonomy":"post_tag","embeddable":true,"href":"https:\/\/www.caririemacao.com\/1\/wp-json\/wp\/v2\/tags?post=140321"}],"curies":[{"name":"wp","href":"https:\/\/api.w.org\/{rel}","templated":true}]}}