{"id":140323,"date":"2019-12-10T15:59:00","date_gmt":"2019-12-10T18:59:00","guid":{"rendered":"http:\/\/www.caririemacao.com\/1\/?p=140323"},"modified":"2019-12-10T15:59:00","modified_gmt":"2019-12-10T18:59:00","slug":"deputado-bolsonarista-afirma-que-consorcio-nordeste-e-inconstitucional","status":"publish","type":"post","link":"https:\/\/www.caririemacao.com\/1\/2019\/12\/10\/deputado-bolsonarista-afirma-que-consorcio-nordeste-e-inconstitucional\/","title":{"rendered":"Deputado bolsonarista afirma que Cons\u00f3rcio Nordeste \u00e9 inconstitucional"},"content":{"rendered":"\n<p>O deputado estadual Cabo Gilberto defendeu, durante discurso no plen\u00e1rio da Assembleia Legislativa da Para\u00edba (ALPB), a tese de que o Cons\u00f3rcio Nordeste \u00e9 inconstitucional.<br><\/p>\n\n\n\n<p>\u201c\u00c9 inconstitucional Cons\u00f3rcio do Nordeste porque a Constitui\u00e7\u00e3o pro\u00edbe que estados saiam do Brasil querendo represent\u00e1-lo. Isso \u00e9 inconstitucional, todos n\u00f3s sabemos disso\u201d, afirmou o deputado assumidamente bolsonarista.<\/p>\n\n\n\n<p>Gabo Gilberto se referiu \u00e0 miss\u00e3o do Cons\u00f3rcio na Europa, na qual os governadores da regi\u00e3o se reuniram com pol\u00edticos e empres\u00e1rios europeus para atrair investimentos para a regi\u00e3o.<\/p>\n\n\n\n<p>Para ele, os estados nordestinos quiseram representar o Brasil como um todo \u2013 o que seria inconstitucional, de acordo com ele.<\/p>\n\n\n\n<h3 class=\"wp-block-heading\">Cons\u00f3rcio Nordeste<\/h3>\n\n\n\n<p>O Cons\u00f3rcio Interestadual de Desenvolvimento Sustent\u00e1vel do Nordeste foi institu\u00eddo em julho deste ano, pelos governadores nordestinos, e recebeu a denomina\u00e7\u00e3o de Cons\u00f3rcio Nordeste. Se trata de uma entidade com natureza jur\u00eddica de autarquia de cons\u00f3rcio p\u00fablico que objetiva economizar recursos nas compras de materiais, al\u00e9m de facilitar o desenvolvimento e execu\u00e7\u00e3o de pol\u00edticas p\u00fablicas envolvendo mais estados nordestinos.<\/p>\n","protected":false},"excerpt":{"rendered":"<p>O deputado estadual Cabo Gilberto defendeu, durante discurso no plen\u00e1rio da Assembleia Legislativa da Para\u00edba (ALPB), a tese de que o Cons\u00f3rcio Nordeste \u00e9 inconstitucional.&hellip; <\/p>\n","protected":false},"author":1,"featured_media":140324,"comment_status":"closed","ping_status":"closed","sticky":false,"template":"","format":"standard","meta":{"sfsi_plus_gutenberg_text_before_share":"","sfsi_plus_gutenberg_show_text_before_share":"","sfsi_plus_gutenberg_icon_type":"","sfsi_plus_gutenberg_icon_alignemt":"","sfsi_plus_gutenburg_max_per_row":"","footnotes":""},"categories":[11],"tags":[],"class_list":["post-140323","post","type-post","status-publish","format-standard","has-post-thumbnail","hentry","category-politica"],"_links":{"self":[{"href":"https:\/\/www.caririemacao.com\/1\/wp-json\/wp\/v2\/posts\/140323","targetHints":{"allow":["GET"]}}],"collection":[{"href":"https:\/\/www.caririemacao.com\/1\/wp-json\/wp\/v2\/posts"}],"about":[{"href":"https:\/\/www.caririemacao.com\/1\/wp-json\/wp\/v2\/types\/post"}],"author":[{"embeddable":true,"href":"https:\/\/www.caririemacao.com\/1\/wp-json\/wp\/v2\/users\/1"}],"replies":[{"embeddable":true,"href":"https:\/\/www.caririemacao.com\/1\/wp-json\/wp\/v2\/comments?post=140323"}],"version-history":[{"count":1,"href":"https:\/\/www.caririemacao.com\/1\/wp-json\/wp\/v2\/posts\/140323\/revisions"}],"predecessor-version":[{"id":140325,"href":"https:\/\/www.caririemacao.com\/1\/wp-json\/wp\/v2\/posts\/140323\/revisions\/140325"}],"wp:featuredmedia":[{"embeddable":true,"href":"https:\/\/www.caririemacao.com\/1\/wp-json\/wp\/v2\/media\/140324"}],"wp:attachment":[{"href":"https:\/\/www.caririemacao.com\/1\/wp-json\/wp\/v2\/media?parent=140323"}],"wp:term":[{"taxonomy":"category","embeddable":true,"href":"https:\/\/www.caririemacao.com\/1\/wp-json\/wp\/v2\/categories?post=140323"},{"taxonomy":"post_tag","embeddable":true,"href":"https:\/\/www.caririemacao.com\/1\/wp-json\/wp\/v2\/tags?post=140323"}],"curies":[{"name":"wp","href":"https:\/\/api.w.org\/{rel}","templated":true}]}}