{"id":140326,"date":"2019-12-10T16:00:13","date_gmt":"2019-12-10T19:00:13","guid":{"rendered":"http:\/\/www.caririemacao.com\/1\/?p=140326"},"modified":"2019-12-10T16:00:13","modified_gmt":"2019-12-10T19:00:13","slug":"joao-envia-a-alpb-projeto-que-cria-fundacao-paraibana-de-gestao-em-saude","status":"publish","type":"post","link":"https:\/\/www.caririemacao.com\/1\/2019\/12\/10\/joao-envia-a-alpb-projeto-que-cria-fundacao-paraibana-de-gestao-em-saude\/","title":{"rendered":"Jo\u00e3o envia \u00e0 ALPB projeto que cria Funda\u00e7\u00e3o Paraibana de Gest\u00e3o em Sa\u00fade"},"content":{"rendered":"\n<p>O Governo da Para\u00edba enviou nesta ter\u00e7a-feira (10)\u00e0 Assembleia Legislativa da Para\u00edba (ALPB) um Projeto de Lei Complementar que cria a Funda\u00e7\u00e3o Paraibana de Gest\u00e3o em Sa\u00fade, a PB Sa\u00fade para se somar ao trabalho realizado pelas Organiza\u00e7\u00f5es Sociais no Estado, respons\u00e1veis pela gest\u00e3o dos grandes hospitais estaduais.<\/p>\n\n\n\n<p>Na justificativa, o governador explicou que a cria\u00e7\u00e3o da Funda\u00e7\u00e3o P\u00fablica decorre da necessidade de dotar a administra\u00e7\u00e3o p\u00fablica estadual de mais uma alternativa para a presta\u00e7\u00e3o do relevante servi\u00e7o de assist\u00eancia na \u00e1rea de sa\u00fade \u00e0 popula\u00e7\u00e3o paraibana.<\/p>\n\n\n\n<p>Segundo ele, a op\u00e7\u00e3o vai permitir que o gestor possa escolher dentre as alternativas existentes aquela que seja mais eficiente e adequada conforme a demanda a ser atendida.<\/p>\n\n\n\n<p>\u201cN\u00e3o \u00e9 uma substitui\u00e7\u00e3o direta das Organiza\u00e7\u00f5es Sociais, \u00e9 para que a gente possa ter mais uma alternativa. Existem hoje v\u00e1rios processos de gest\u00e3o na sa\u00fade, n\u00f3s temos Oss, temos gest\u00e3o pr\u00f3pria em algumas cidades e teremos a funda\u00e7\u00e3o que tamb\u00e9m ter\u00e1 a fun\u00e7\u00e3o de administrar a parte hospitalar. \u00c9 mais uma alternativa, \u00e9 mais uma possibilidade e que \u00e9 muito importante, porque como sendo uma funda\u00e7\u00e3o p\u00fablica de direito privado, em caso de rompimento de contrato com uma OS, voc\u00ea ter\u00e1 uma funda\u00e7\u00e3o pronta para assumir um hospital sem que haja a dissolu\u00e7\u00e3o de continuidade\u201d, disse o governador.<\/p>\n\n\n\n<p>A PB Sa\u00fade ter\u00e1 personalidade jur\u00eddica e integrar\u00e1 a Administra\u00e7\u00e3o P\u00fablica Indireta do Governo Estadual, sendo vinculada \u00e0 Secretaria de Sa\u00fade da Para\u00edba e compondo o Sistema \u00danico de Sa\u00fade (SUS).<\/p>\n\n\n\n<p>A Funda\u00e7\u00e3o poder\u00e1 atuar na gest\u00e3o e produ\u00e7\u00e3o de cuidados integrados \u00e0 sa\u00fade a partir dos servi\u00e7os, a\u00e7\u00f5es, programas e estrat\u00e9gias que estiverem sob sua responsabilidade. H\u00e1 tamb\u00e9m a previs\u00e3o de que a entidade possa recrutar pessoal e desenvolver capacidades e a\u00e7\u00f5es junto \u00e0s m\u00faltiplas Institui\u00e7\u00f5es que integram o SUS.<\/p>\n\n\n\n<p>A proposta prev\u00ea a incorpora\u00e7\u00e3o ao patrim\u00f4nio da PB Sa\u00fade da import\u00e2ncia financeira de R$ 20 milh\u00f5es, al\u00e9m da transfer\u00eancia do Hospital Geral de Mamanguape para incorpora\u00e7\u00e3o ao patrim\u00f4nio da Funda\u00e7\u00e3o, incluindo o im\u00f3vel, acervo t\u00e9cnico, documental, mobili\u00e1rio e de equipamentos.<\/p>\n\n\n\n<p>J\u00e1 a contra\u00e7\u00e3o de servidores se dar\u00e1 por meio de aprova\u00e7\u00e3o concurso ou atrav\u00e9s de um processo seletivo simplificado.<\/p>\n\n\n\n<p><em><strong>PB Agora<\/strong><\/em><\/p>\n","protected":false},"excerpt":{"rendered":"<p>O Governo da Para\u00edba enviou nesta ter\u00e7a-feira (10)\u00e0 Assembleia Legislativa da Para\u00edba (ALPB) um Projeto de Lei Complementar que cria a Funda\u00e7\u00e3o Paraibana de Gest\u00e3o&hellip; <\/p>\n","protected":false},"author":1,"featured_media":116336,"comment_status":"closed","ping_status":"closed","sticky":false,"template":"","format":"standard","meta":{"sfsi_plus_gutenberg_text_before_share":"","sfsi_plus_gutenberg_show_text_before_share":"","sfsi_plus_gutenberg_icon_type":"","sfsi_plus_gutenberg_icon_alignemt":"","sfsi_plus_gutenburg_max_per_row":"","footnotes":""},"categories":[11],"tags":[],"class_list":["post-140326","post","type-post","status-publish","format-standard","has-post-thumbnail","hentry","category-politica"],"_links":{"self":[{"href":"https:\/\/www.caririemacao.com\/1\/wp-json\/wp\/v2\/posts\/140326","targetHints":{"allow":["GET"]}}],"collection":[{"href":"https:\/\/www.caririemacao.com\/1\/wp-json\/wp\/v2\/posts"}],"about":[{"href":"https:\/\/www.caririemacao.com\/1\/wp-json\/wp\/v2\/types\/post"}],"author":[{"embeddable":true,"href":"https:\/\/www.caririemacao.com\/1\/wp-json\/wp\/v2\/users\/1"}],"replies":[{"embeddable":true,"href":"https:\/\/www.caririemacao.com\/1\/wp-json\/wp\/v2\/comments?post=140326"}],"version-history":[{"count":1,"href":"https:\/\/www.caririemacao.com\/1\/wp-json\/wp\/v2\/posts\/140326\/revisions"}],"predecessor-version":[{"id":140327,"href":"https:\/\/www.caririemacao.com\/1\/wp-json\/wp\/v2\/posts\/140326\/revisions\/140327"}],"wp:featuredmedia":[{"embeddable":true,"href":"https:\/\/www.caririemacao.com\/1\/wp-json\/wp\/v2\/media\/116336"}],"wp:attachment":[{"href":"https:\/\/www.caririemacao.com\/1\/wp-json\/wp\/v2\/media?parent=140326"}],"wp:term":[{"taxonomy":"category","embeddable":true,"href":"https:\/\/www.caririemacao.com\/1\/wp-json\/wp\/v2\/categories?post=140326"},{"taxonomy":"post_tag","embeddable":true,"href":"https:\/\/www.caririemacao.com\/1\/wp-json\/wp\/v2\/tags?post=140326"}],"curies":[{"name":"wp","href":"https:\/\/api.w.org\/{rel}","templated":true}]}}