{"id":140328,"date":"2019-12-10T16:01:17","date_gmt":"2019-12-10T19:01:17","guid":{"rendered":"http:\/\/www.caririemacao.com\/1\/?p=140328"},"modified":"2019-12-10T16:01:17","modified_gmt":"2019-12-10T19:01:17","slug":"mec-inicia-capacitacao-de-profissionais-para-escolas-civico-militares","status":"publish","type":"post","link":"https:\/\/www.caririemacao.com\/1\/2019\/12\/10\/mec-inicia-capacitacao-de-profissionais-para-escolas-civico-militares\/","title":{"rendered":"MEC inicia capacita\u00e7\u00e3o de profissionais para escolas c\u00edvico-militares"},"content":{"rendered":"\n<p>O Minist\u00e9rio da Educa\u00e7\u00e3o (MEC) d\u00e1 mais um passo para implementa\u00e7\u00e3o das escolas c\u00edvico-militares, no pa\u00eds. Nesta ter\u00e7a-feira (10) come\u00e7ou a primeira capacita\u00e7\u00e3o do programa que contar\u00e1 com 216 escolas at\u00e9 2023; 54 escolas somente no pr\u00f3ximo ano. O modelo foi desenvolvido para promover um salto na qualidade educacional do Brasil.<\/p>\n\n\n\n<p>Ao todo 170 profissionais da educa\u00e7\u00e3o e representantes de estados e munic\u00edpios est\u00e3o reunidos em Bras\u00edlia. Eles participam de palestras e oficinas sobre o projeto pol\u00edtico-pedag\u00f3gico das escolas, as normas de conduta, avalia\u00e7\u00e3o e supervis\u00e3o escolar, al\u00e9m da apresenta\u00e7\u00e3o das regras de funcionamento das escolas e as atribui\u00e7\u00f5es de cada profissional.<\/p>\n\n\n\n<p>Segundo o MEC, o treinamento tamb\u00e9m objetiva abrir espa\u00e7o para o aprimorar as diretrizes do programa. Ao promover grupos de trabalho, o minist\u00e9rio permitir\u00e1 que os participantes fa\u00e7am sugest\u00f5es ao modelo de forma a adequar a implementa\u00e7\u00e3o das escolas \u00e0s necessidades de cada local.<\/p>\n\n\n\n<p>O evento \u00e9 destinado a dois grupos envolvidos no programa: diretores e coordenadores de escolas e pontos focais de secretarias estaduais e municipais de Educa\u00e7\u00e3o, que trabalhar\u00e3o como multiplicadores da informa\u00e7\u00e3o em suas regi\u00f5es.<\/p>\n\n\n\n<p>Os dois grupos iniciaram as atividades nesta ter\u00e7a-feira. O primeiro grupo tem programa\u00e7\u00e3o at\u00e9 sexta-feira (13), enquanto o segundo encerra as atividades amanh\u00e3 (11).<\/p>\n\n\n\n<p>\u201cO Programa Nacional das Escolas C\u00edvico-Militares \u00e9 uma parceria do MEC com o Minist\u00e9rio da Defesa. Cerca de 1.000 militares da reserva das For\u00e7as Armadas, policiais e bombeiros militares da ativa v\u00e3o atuar na gest\u00e3o educacional das institui\u00e7\u00f5es. Em 2020, o MEC destinar\u00e1 R$ 54 milh\u00f5es para levar a gest\u00e3o de excel\u00eancia c\u00edvico-militar para 54 escolas, sendo R$ 1 milh\u00e3o por institui\u00e7\u00e3o de ensino\u201d.<\/p>\n\n\n\n<p><strong><em>Ag\u00eancia Brasil<\/em><\/strong><\/p>\n","protected":false},"excerpt":{"rendered":"<p>O Minist\u00e9rio da Educa\u00e7\u00e3o (MEC) d\u00e1 mais um passo para implementa\u00e7\u00e3o das escolas c\u00edvico-militares, no pa\u00eds. Nesta ter\u00e7a-feira (10) come\u00e7ou a primeira capacita\u00e7\u00e3o do programa&hellip; <\/p>\n","protected":false},"author":1,"featured_media":80537,"comment_status":"closed","ping_status":"closed","sticky":false,"template":"","format":"standard","meta":{"sfsi_plus_gutenberg_text_before_share":"","sfsi_plus_gutenberg_show_text_before_share":"","sfsi_plus_gutenberg_icon_type":"","sfsi_plus_gutenberg_icon_alignemt":"","sfsi_plus_gutenburg_max_per_row":"","footnotes":""},"categories":[14],"tags":[],"class_list":["post-140328","post","type-post","status-publish","format-standard","has-post-thumbnail","hentry","category-educacao"],"_links":{"self":[{"href":"https:\/\/www.caririemacao.com\/1\/wp-json\/wp\/v2\/posts\/140328","targetHints":{"allow":["GET"]}}],"collection":[{"href":"https:\/\/www.caririemacao.com\/1\/wp-json\/wp\/v2\/posts"}],"about":[{"href":"https:\/\/www.caririemacao.com\/1\/wp-json\/wp\/v2\/types\/post"}],"author":[{"embeddable":true,"href":"https:\/\/www.caririemacao.com\/1\/wp-json\/wp\/v2\/users\/1"}],"replies":[{"embeddable":true,"href":"https:\/\/www.caririemacao.com\/1\/wp-json\/wp\/v2\/comments?post=140328"}],"version-history":[{"count":1,"href":"https:\/\/www.caririemacao.com\/1\/wp-json\/wp\/v2\/posts\/140328\/revisions"}],"predecessor-version":[{"id":140329,"href":"https:\/\/www.caririemacao.com\/1\/wp-json\/wp\/v2\/posts\/140328\/revisions\/140329"}],"wp:featuredmedia":[{"embeddable":true,"href":"https:\/\/www.caririemacao.com\/1\/wp-json\/wp\/v2\/media\/80537"}],"wp:attachment":[{"href":"https:\/\/www.caririemacao.com\/1\/wp-json\/wp\/v2\/media?parent=140328"}],"wp:term":[{"taxonomy":"category","embeddable":true,"href":"https:\/\/www.caririemacao.com\/1\/wp-json\/wp\/v2\/categories?post=140328"},{"taxonomy":"post_tag","embeddable":true,"href":"https:\/\/www.caririemacao.com\/1\/wp-json\/wp\/v2\/tags?post=140328"}],"curies":[{"name":"wp","href":"https:\/\/api.w.org\/{rel}","templated":true}]}}