{"id":140335,"date":"2019-12-10T16:18:02","date_gmt":"2019-12-10T19:18:02","guid":{"rendered":"http:\/\/www.caririemacao.com\/1\/?p=140335"},"modified":"2019-12-10T16:18:02","modified_gmt":"2019-12-10T19:18:02","slug":"funasa-promove-em-sume-capacitacao-em-controle-de-qualidade-da-agua-para-os-tecnicos-dos-municipios-do-cariri","status":"publish","type":"post","link":"https:\/\/www.caririemacao.com\/1\/2019\/12\/10\/funasa-promove-em-sume-capacitacao-em-controle-de-qualidade-da-agua-para-os-tecnicos-dos-municipios-do-cariri\/","title":{"rendered":"Funasa promove em Sum\u00e9 capacita\u00e7\u00e3o em controle de qualidade da \u00e1gua para os t\u00e9cnicos dos munic\u00edpios do Cariri"},"content":{"rendered":"\n<p>A Funasa est\u00e1 na cidade de Sum\u00e9 realizando uma capacita\u00e7\u00e3o de t\u00e9cnicos municipais para a implanta\u00e7\u00e3o do Sistema Salta \u2013 Z.&nbsp; A oficina acontece nos dias 10, 11 e 12 de dezembro, no audit\u00f3rio da Secretaria Municipal de Educa\u00e7\u00e3o. A a\u00e7\u00e3o visa apoiar a constru\u00e7\u00e3o do conhecimento dos participantes no monitoramento da qualidade da \u00e1gua para o consumo humano.<\/p>\n\n\n\n<p>O Salta \u2013 Z \u00e9 um sistema simplificado de abastecimento de \u00e1gua para pequenas comunidades rurais. Em Sum\u00e9, ele vai capturar \u00e1gua bruta do A\u00e7ude Lambedor e colocada em um reservat\u00f3rio de 5 mil litros di\u00e1rios, para processamento e retirada das impurezas, para ser distribu\u00edda \u00e0 popula\u00e7\u00e3o.<\/p>\n\n\n\n<div class=\"wp-block-image\"><figure class=\"alignright is-resized\"><a href=\"http:\/\/www.sume.pb.gov.br\/wp-content\/uploads\/2019\/12\/DSC_0290.jpg\"><img fetchpriority=\"high\" decoding=\"async\" src=\"http:\/\/www.sume.pb.gov.br\/wp-content\/uploads\/2019\/12\/DSC_0290-300x199.jpg\" alt=\"\" class=\"wp-image-9249\" width=\"568\" height=\"377\"\/><\/a><\/figure><\/div>\n\n\n\n<p><\/p>\n\n\n\n<p>Em paralelo \u00e0 oficina de Sum\u00e9, um operador tamb\u00e9m est\u00e1 sendo capacitado no pr\u00f3prio local para operacionalizar o sistema de controle, qualidade e an\u00e1lise da \u00e1gua da unidade para que seja distribu\u00edda com seguran\u00e7a para beber e cozinhar.\u00a0\u00a0<\/p>\n\n\n\n<p>Ressalte-se que essa \u00e9 mais uma demanda apresentada no Or\u00e7amento Democr\u00e1tico de Sum\u00e9 para ser realizada em 2020 e j\u00e1 est\u00e1 sendo antecipada.<\/p>\n\n\n\n<p>O prefeito \u00c9den Duarte, que esteve presente na abertura da oficina, destacou a parceria exitosa que a Funasa tem no munic\u00edpio, com investimentos de quase R$ 10 milh\u00f5es em v\u00e1rias a\u00e7\u00f5es, a exemplo do projeto rede de esgotamento sanit\u00e1rio, substitui\u00e7\u00e3o de casas de taipa por casas de alvenaria, melhoria sanit\u00e1ria domiciliares (constru\u00e7\u00e3o de banheiros), abastecimento de \u00e1gua, conv\u00eanio para educa\u00e7\u00e3o ambiental e correta utiliza\u00e7\u00e3o da \u00e1rea e agora com a implanta\u00e7\u00e3o do projeto Salta \u2013 Z.&nbsp; Segundo \u00c9den, tudo isso s\u00f3 \u00e9 poss\u00edvel, gra\u00e7as \u00e0 credibilidade que o munic\u00edpio goza junto a institui\u00e7\u00e3o e tamb\u00e9m porque consegue executar as a\u00e7\u00f5es, conforme previsto nos conv\u00eanios.<\/p>\n\n\n\n<div class=\"wp-block-image\"><figure class=\"alignleft\"><a href=\"http:\/\/www.sume.pb.gov.br\/wp-content\/uploads\/2019\/12\/DSC_0298.jpg\"><img decoding=\"async\" data-src=\"http:\/\/www.sume.pb.gov.br\/wp-content\/uploads\/2019\/12\/DSC_0298-300x199.jpg\" alt=\"\" class=\"wp-image-9247 lazyload\" src=\"data:image\/svg+xml;base64,PHN2ZyB3aWR0aD0iMSIgaGVpZ2h0PSIxIiB4bWxucz0iaHR0cDovL3d3dy53My5vcmcvMjAwMC9zdmciPjwvc3ZnPg==\" style=\"--smush-placeholder-width: 300px; --smush-placeholder-aspect-ratio: 300\/199;\" \/><\/a><\/figure><\/div>\n\n\n\n<p><\/p>\n\n\n\n<p><\/p>\n\n\n\n<p>O p\u00fablico participante da oficina \u00e9 composto por t\u00e9cnicos da aten\u00e7\u00e3o b\u00e1sica, vigil\u00e2ncia epidemiol\u00f3gica, vigil\u00e2ncia ambiental, agentes comunit\u00e1rios de sa\u00fade, agentes de controle de endemias, representantes de comunidades de Sum\u00e9, Gurj\u00e3o, Juazeirinho, Santo Andr\u00e9 e Camala\u00fa. Eles ser\u00e3o respons\u00e1veis por multiplicar as a\u00e7\u00f5es educativas em sa\u00fade ambiental, visando a sustentabilidade da disponibiliza\u00e7\u00e3o da \u00e1gua segura proveniente de solu\u00e7\u00f5es alternativas de abastecimento em seus respectivos munic\u00edpios.<\/p>\n\n\n\n<p>Ascom PMS<\/p>\n","protected":false},"excerpt":{"rendered":"<p>A Funasa est\u00e1 na cidade de Sum\u00e9 realizando uma capacita\u00e7\u00e3o de t\u00e9cnicos municipais para a implanta\u00e7\u00e3o do Sistema Salta \u2013 Z.&nbsp; A oficina acontece nos&hellip; <\/p>\n","protected":false},"author":1,"featured_media":140336,"comment_status":"closed","ping_status":"closed","sticky":false,"template":"","format":"standard","meta":{"sfsi_plus_gutenberg_text_before_share":"","sfsi_plus_gutenberg_show_text_before_share":"","sfsi_plus_gutenberg_icon_type":"","sfsi_plus_gutenberg_icon_alignemt":"","sfsi_plus_gutenburg_max_per_row":"","footnotes":""},"categories":[2],"tags":[],"class_list":["post-140335","post","type-post","status-publish","format-standard","has-post-thumbnail","hentry","category-geral"],"_links":{"self":[{"href":"https:\/\/www.caririemacao.com\/1\/wp-json\/wp\/v2\/posts\/140335","targetHints":{"allow":["GET"]}}],"collection":[{"href":"https:\/\/www.caririemacao.com\/1\/wp-json\/wp\/v2\/posts"}],"about":[{"href":"https:\/\/www.caririemacao.com\/1\/wp-json\/wp\/v2\/types\/post"}],"author":[{"embeddable":true,"href":"https:\/\/www.caririemacao.com\/1\/wp-json\/wp\/v2\/users\/1"}],"replies":[{"embeddable":true,"href":"https:\/\/www.caririemacao.com\/1\/wp-json\/wp\/v2\/comments?post=140335"}],"version-history":[{"count":1,"href":"https:\/\/www.caririemacao.com\/1\/wp-json\/wp\/v2\/posts\/140335\/revisions"}],"predecessor-version":[{"id":140337,"href":"https:\/\/www.caririemacao.com\/1\/wp-json\/wp\/v2\/posts\/140335\/revisions\/140337"}],"wp:featuredmedia":[{"embeddable":true,"href":"https:\/\/www.caririemacao.com\/1\/wp-json\/wp\/v2\/media\/140336"}],"wp:attachment":[{"href":"https:\/\/www.caririemacao.com\/1\/wp-json\/wp\/v2\/media?parent=140335"}],"wp:term":[{"taxonomy":"category","embeddable":true,"href":"https:\/\/www.caririemacao.com\/1\/wp-json\/wp\/v2\/categories?post=140335"},{"taxonomy":"post_tag","embeddable":true,"href":"https:\/\/www.caririemacao.com\/1\/wp-json\/wp\/v2\/tags?post=140335"}],"curies":[{"name":"wp","href":"https:\/\/api.w.org\/{rel}","templated":true}]}}