{"id":140338,"date":"2019-12-10T16:20:48","date_gmt":"2019-12-10T19:20:48","guid":{"rendered":"http:\/\/www.caririemacao.com\/1\/?p=140338"},"modified":"2019-12-10T16:20:48","modified_gmt":"2019-12-10T19:20:48","slug":"em-jatauba-nice-de-maria-de-santa-morre-ao-ser-atropelado-por-uma-motocicleta-na-pe-160","status":"publish","type":"post","link":"https:\/\/www.caririemacao.com\/1\/2019\/12\/10\/em-jatauba-nice-de-maria-de-santa-morre-ao-ser-atropelado-por-uma-motocicleta-na-pe-160\/","title":{"rendered":"Em Jata\u00faba, Nice de Maria de Santa morre ao ser atropelado por uma motocicleta na PE-160"},"content":{"rendered":"\n<p>Na noite desta segunda-feira (09), um acidente com v\u00edtima fatal foi registrado na rodovia\u00a0<strong>PE-160<\/strong>, no munic\u00edpio de Jata\u00faba no Agreste do Estado de Pernambuco.<br><\/p>\n\n\n\n<figure class=\"wp-block-image\"><img decoding=\"async\" data-src=\"https:\/\/1.bp.blogspot.com\/-btQCUg_GPuU\/Xe-F8HZAdcI\/AAAAAAABMdo\/P8U5eiWUb2UvE_FvANHfCxwwogqFLhilwCLcBGAsYHQ\/s640\/79842754_543776499552449_4242380725745090560_n.jpg\" alt=\"\" src=\"data:image\/svg+xml;base64,PHN2ZyB3aWR0aD0iMSIgaGVpZ2h0PSIxIiB4bWxucz0iaHR0cDovL3d3dy53My5vcmcvMjAwMC9zdmciPjwvc3ZnPg==\" class=\"lazyload\" \/><\/figure>\n\n\n\n<figure class=\"wp-block-image\"><img decoding=\"async\" data-src=\"https:\/\/1.bp.blogspot.com\/-oM3jcXjJ5V4\/Xe-F7gxVQHI\/AAAAAAABMdk\/jLkEVf6ACbYf7-R5AJFybbS-dQvRg8t8gCLcBGAsYHQ\/s640\/79803612_2924147090937257_3784307517140500480_n.jpg\" alt=\"\" src=\"data:image\/svg+xml;base64,PHN2ZyB3aWR0aD0iMSIgaGVpZ2h0PSIxIiB4bWxucz0iaHR0cDovL3d3dy53My5vcmcvMjAwMC9zdmciPjwvc3ZnPg==\" class=\"lazyload\" \/><\/figure>\n\n\n\n<p>Segundo informa\u00e7\u00f5es repassadas para nossa reportagem, a v\u00edtima fatal foi identificada por&nbsp;<strong>Jos\u00e9 Jeneilson Pereira<\/strong>, de 47 anos, conhecido popularmente por&nbsp;<em><strong>&#8220;Nice de Maria de Santa&#8221;<\/strong><\/em>, que estava transitando pela rodovia em sua bicicleta modelo Monack, no momento que foi atingido por uma motocicleta de placa&nbsp;<strong>KLQ-0686.<\/strong><br><\/p>\n\n\n\n<figure class=\"wp-block-image\"><img decoding=\"async\" data-src=\"https:\/\/1.bp.blogspot.com\/-geb0H5gZt44\/Xe-F64W9z0I\/AAAAAAABMdY\/uKV6oppCDJINk3u9t3voWpPDAvSNU2wlQCLcBGAsYHQ\/s640\/79167161_549816689193189_7924226352020979712_n.jpg\" alt=\"\" src=\"data:image\/svg+xml;base64,PHN2ZyB3aWR0aD0iMSIgaGVpZ2h0PSIxIiB4bWxucz0iaHR0cDovL3d3dy53My5vcmcvMjAwMC9zdmciPjwvc3ZnPg==\" class=\"lazyload\" \/><\/figure>\n\n\n\n<p>&nbsp;&nbsp;Segundo informa\u00e7\u00f5es da Guarda Civil a Motocicleta foi encontrada a 100 metros a frente do acidente na manh\u00e3 desta ter\u00e7a-feira 10. Com o impacto a v\u00edtima caiu a cerca de 20 metros do local da colis\u00e3o.<br><\/p>\n\n\n\n<figure class=\"wp-block-image\"><img decoding=\"async\" data-src=\"https:\/\/1.bp.blogspot.com\/-HXTXp8jiop8\/Xe-F40i9BSI\/AAAAAAABMdA\/H4rpDoqZBE0OmxhuL0ITWncS_hWxA6ZZgCLcBGAsYHQ\/s640\/78650790_2772913722797614_7334238832147038208_n.jpg\" alt=\"\" src=\"data:image\/svg+xml;base64,PHN2ZyB3aWR0aD0iMSIgaGVpZ2h0PSIxIiB4bWxucz0iaHR0cDovL3d3dy53My5vcmcvMjAwMC9zdmciPjwvc3ZnPg==\" class=\"lazyload\" \/><\/figure>\n\n\n\n<figure class=\"wp-block-image\"><img decoding=\"async\" data-src=\"https:\/\/1.bp.blogspot.com\/-NIbHCO3PvUg\/Xe-F6Ix6DSI\/AAAAAAABMdQ\/L8170fUOxvASr_OdAA3AphrXM7PiOFWvACLcBGAsYHQ\/s640\/78785792_444040332955853_1717813642239410176_n.jpg\" alt=\"\" src=\"data:image\/svg+xml;base64,PHN2ZyB3aWR0aD0iMSIgaGVpZ2h0PSIxIiB4bWxucz0iaHR0cDovL3d3dy53My5vcmcvMjAwMC9zdmciPjwvc3ZnPg==\" class=\"lazyload\" \/><\/figure>\n\n\n\n<figure class=\"wp-block-image\"><img decoding=\"async\" data-src=\"https:\/\/1.bp.blogspot.com\/-PRMm9DKM6HA\/Xe-F7K45suI\/AAAAAAABMdg\/mts-6gWF_DwTf3OJu9_avzyw5Xo2diDBACLcBGAsYHQ\/s640\/79281014_547757482441430_2474759365681217536_n.jpg\" alt=\"\" src=\"data:image\/svg+xml;base64,PHN2ZyB3aWR0aD0iMSIgaGVpZ2h0PSIxIiB4bWxucz0iaHR0cDovL3d3dy53My5vcmcvMjAwMC9zdmciPjwvc3ZnPg==\" class=\"lazyload\" \/><\/figure>\n\n\n\n<figure class=\"wp-block-image\"><img decoding=\"async\" data-src=\"https:\/\/1.bp.blogspot.com\/-vRycfgr1t0A\/Xe-F5-nc69I\/AAAAAAABMdM\/drHwpvoAdrMWnLtajG_Ohs_h_H9Mc8lpACLcBGAsYHQ\/s640\/78717911_1005258029859266_9193032576854392832_n.jpg\" alt=\"\" src=\"data:image\/svg+xml;base64,PHN2ZyB3aWR0aD0iMSIgaGVpZ2h0PSIxIiB4bWxucz0iaHR0cDovL3d3dy53My5vcmcvMjAwMC9zdmciPjwvc3ZnPg==\" class=\"lazyload\" \/><\/figure>\n\n\n\n<figure class=\"wp-block-image\"><img decoding=\"async\" data-src=\"https:\/\/1.bp.blogspot.com\/-kRrk1FVaCiI\/Xe-F5LT0ohI\/AAAAAAABMdI\/A9eIP1uUNWYL3VFc4xUM4ZQgG_PVigNwgCLcBGAsYHQ\/s640\/78188792_553050982152669_2822586231290855424_n.jpg\" alt=\"\" src=\"data:image\/svg+xml;base64,PHN2ZyB3aWR0aD0iMSIgaGVpZ2h0PSIxIiB4bWxucz0iaHR0cDovL3d3dy53My5vcmcvMjAwMC9zdmciPjwvc3ZnPg==\" class=\"lazyload\" \/><\/figure>\n\n\n\n<figure class=\"wp-block-image\"><img decoding=\"async\" data-src=\"https:\/\/1.bp.blogspot.com\/-sZrzpzxuQw0\/Xe-F5NDfrKI\/AAAAAAABMdE\/f9xtuSBuCSACMw7IrtJVs_V2qDYUWzUiACLcBGAsYHQ\/s640\/78683017_2430843210483117_5561689847514529792_n.jpg\" alt=\"\" src=\"data:image\/svg+xml;base64,PHN2ZyB3aWR0aD0iMSIgaGVpZ2h0PSIxIiB4bWxucz0iaHR0cDovL3d3dy53My5vcmcvMjAwMC9zdmciPjwvc3ZnPg==\" class=\"lazyload\" \/><\/figure>\n\n\n\n<p>A Pol\u00edcia Militar do 24\u00ba BPM juntamente com a Guarda Civil Municipal realizaram o isolamento da \u00e1rea at\u00e9 a chegada da Pol\u00edcia Civil, que realizaram os procedimentos cadav\u00e9ricos. O corpo foi encaminhado para o IML (Instituto de Medicina Legal) de Caruaru.&nbsp;<br><\/p>\n\n\n\n<figure><iframe allowfullscreen=\"true\" height=\"315\" data-src=\"https:\/\/www.facebook.com\/plugins\/video.php?href=https%3A%2F%2Fwww.facebook.com%2Fportaljataubaonline%2Fvideos%2F2714168215289150%2F&amp;show_text=0&amp;width=560\" width=\"560\" src=\"data:image\/svg+xml;base64,PHN2ZyB3aWR0aD0iMSIgaGVpZ2h0PSIxIiB4bWxucz0iaHR0cDovL3d3dy53My5vcmcvMjAwMC9zdmciPjwvc3ZnPg==\" class=\"lazyload\" data-load-mode=\"1\"><\/iframe><\/figure>\n\n\n\n<p>Atrav\u00e9s de informa\u00e7\u00f5es em um telefonema an\u00f4nimo, onde informaram a Guarda Civil Municipal as 4:20 da madrugada, segundo a Guarda ao chegarem no local do acidente, encontraram a motocicleta ca\u00edda as margens da PE-160, uns 100 metros onde Nice de Maria de Santa foi atropelado.<\/p>\n\n\n\n<figure class=\"wp-block-image\"><img decoding=\"async\" data-src=\"https:\/\/1.bp.blogspot.com\/-OoHRwrTqZDs\/Xe-H7i40MxI\/AAAAAAABMeM\/dVTjovyjPlInWwjJJbXJ5DrKRFlFXxNmwCLcBGAsYHQ\/s640\/78778811_760519844468616_1892879489931673600_n.jpg\" alt=\"\" src=\"data:image\/svg+xml;base64,PHN2ZyB3aWR0aD0iMSIgaGVpZ2h0PSIxIiB4bWxucz0iaHR0cDovL3d3dy53My5vcmcvMjAwMC9zdmciPjwvc3ZnPg==\" class=\"lazyload\" \/><\/figure>\n\n\n\n<figure class=\"wp-block-image\"><img decoding=\"async\" data-src=\"https:\/\/1.bp.blogspot.com\/-12QgRzt0uI4\/Xe-H7l2yztI\/AAAAAAABMeI\/vny-DQWDmbcgci6vCIWZquorsP_65rtCACLcBGAsYHQ\/s640\/79521419_487038378595008_5766308446047567872_n.jpg\" alt=\"\" src=\"data:image\/svg+xml;base64,PHN2ZyB3aWR0aD0iMSIgaGVpZ2h0PSIxIiB4bWxucz0iaHR0cDovL3d3dy53My5vcmcvMjAwMC9zdmciPjwvc3ZnPg==\" class=\"lazyload\" \/><\/figure>\n\n\n\n<p>&nbsp;a moto foi levada a base da Guarda para ser tomada as medidas cab\u00edveis.N\u00e3o se sabes ainda quem \u00e9 o propriet\u00e1rio da motocicleta, a Policia Civil ir\u00e1 investigar o caso.&nbsp;&nbsp; &nbsp;&nbsp;<br><\/p>\n\n\n\n<figure><iframe allowfullscreen=\"true\" height=\"315\" data-src=\"https:\/\/www.facebook.com\/plugins\/video.php?href=https%3A%2F%2Fwww.facebook.com%2Fportaljataubaonline%2Fvideos%2F504165640187416%2F&amp;show_text=0&amp;width=560\" width=\"560\" src=\"data:image\/svg+xml;base64,PHN2ZyB3aWR0aD0iMSIgaGVpZ2h0PSIxIiB4bWxucz0iaHR0cDovL3d3dy53My5vcmcvMjAwMC9zdmciPjwvc3ZnPg==\" class=\"lazyload\" data-load-mode=\"1\"><\/iframe><\/figure>\n\n\n\n<p><strong>Blog Santa Cruz Mais \/ Portal Jata\u00faba Online<\/strong><br><\/p>\n","protected":false},"excerpt":{"rendered":"<p>Na noite desta segunda-feira (09), um acidente com v\u00edtima fatal foi registrado na rodovia\u00a0PE-160, no munic\u00edpio de Jata\u00faba no Agreste do Estado de Pernambuco. Segundo&hellip; <\/p>\n","protected":false},"author":1,"featured_media":140339,"comment_status":"closed","ping_status":"closed","sticky":false,"template":"","format":"standard","meta":{"sfsi_plus_gutenberg_text_before_share":"","sfsi_plus_gutenberg_show_text_before_share":"","sfsi_plus_gutenberg_icon_type":"","sfsi_plus_gutenberg_icon_alignemt":"","sfsi_plus_gutenburg_max_per_row":"","footnotes":""},"categories":[2],"tags":[],"class_list":["post-140338","post","type-post","status-publish","format-standard","has-post-thumbnail","hentry","category-geral"],"_links":{"self":[{"href":"https:\/\/www.caririemacao.com\/1\/wp-json\/wp\/v2\/posts\/140338","targetHints":{"allow":["GET"]}}],"collection":[{"href":"https:\/\/www.caririemacao.com\/1\/wp-json\/wp\/v2\/posts"}],"about":[{"href":"https:\/\/www.caririemacao.com\/1\/wp-json\/wp\/v2\/types\/post"}],"author":[{"embeddable":true,"href":"https:\/\/www.caririemacao.com\/1\/wp-json\/wp\/v2\/users\/1"}],"replies":[{"embeddable":true,"href":"https:\/\/www.caririemacao.com\/1\/wp-json\/wp\/v2\/comments?post=140338"}],"version-history":[{"count":1,"href":"https:\/\/www.caririemacao.com\/1\/wp-json\/wp\/v2\/posts\/140338\/revisions"}],"predecessor-version":[{"id":140340,"href":"https:\/\/www.caririemacao.com\/1\/wp-json\/wp\/v2\/posts\/140338\/revisions\/140340"}],"wp:featuredmedia":[{"embeddable":true,"href":"https:\/\/www.caririemacao.com\/1\/wp-json\/wp\/v2\/media\/140339"}],"wp:attachment":[{"href":"https:\/\/www.caririemacao.com\/1\/wp-json\/wp\/v2\/media?parent=140338"}],"wp:term":[{"taxonomy":"category","embeddable":true,"href":"https:\/\/www.caririemacao.com\/1\/wp-json\/wp\/v2\/categories?post=140338"},{"taxonomy":"post_tag","embeddable":true,"href":"https:\/\/www.caririemacao.com\/1\/wp-json\/wp\/v2\/tags?post=140338"}],"curies":[{"name":"wp","href":"https:\/\/api.w.org\/{rel}","templated":true}]}}