{"id":140342,"date":"2019-12-11T10:10:10","date_gmt":"2019-12-11T13:10:10","guid":{"rendered":"http:\/\/www.caririemacao.com\/1\/?p=140342"},"modified":"2019-12-11T10:10:10","modified_gmt":"2019-12-11T13:10:10","slug":"apos-longo-trabalho-incendio-e-controlado-na-zona-rural-de-monteiro","status":"publish","type":"post","link":"https:\/\/www.caririemacao.com\/1\/2019\/12\/11\/apos-longo-trabalho-incendio-e-controlado-na-zona-rural-de-monteiro\/","title":{"rendered":"Ap\u00f3s longo trabalho, inc\u00eandio \u00e9 controlado na zona rural de Monteiro"},"content":{"rendered":"\n<p>Ap\u00f3s cerca de 36 horas de fogo, o inc\u00eandio que atingia a regi\u00e3o dos s\u00edtios Uru\u00e7u, Moconha e Pitombeira, zona rural do munic\u00edpio de Monteiro, foi controlado na madrugada desta quarta-feira (11), por equipes do Corpo de Bombeiros, com apoio da Prefeitura de Municipal de Monteiro e moradores.<br><\/p>\n\n\n\n<p>O fogo atingiu uma grande \u00e1rea da regi\u00e3o e causou grandes preju\u00edzos para os agricultores e produtores rurais, que perderam pastagem, animais e cercas. O fogo teve in\u00edcio na tarde da segunda-feira (09).<br><\/p>\n\n\n\n<p>De acordo com o comandante do Corpo de Bombeiros de Campina Grande, o tenente-coronel Jean Ben\u00edcio, ningu\u00e9m foi ferido pelas chamas que se aproximaram de casas localizadas nos s\u00edtios Uru\u00e7u e Moconha.<br><\/p>\n\n\n\n<p>O comandante contou ainda que o fogo foi combatido com a ajuda da Prefeitura e moradores da regi\u00e3o que foi afetada pelo inc\u00eandio.A Prefeitura Municipal de Monteiro enviou carros-pipa e uma equipe do SAMU para dar assist\u00eancia \u00e0s pessoas que apresentarem problemas de sa\u00fade provocados pela fuma\u00e7a, al\u00e9m de montar um ponto de apoio na regi\u00e3o para da suporte.<br>A Prefeita Anna Lorena acompanhada de auxiliares esteve pessoalmente visitando a regi\u00e3o e acompanhando os trabalhos na tarde desta ter\u00e7a-feira (10).<\/p>\n\n\n\n<p>Conforme o Corpo de Bombeiros, ainda n\u00e3o \u00e9 poss\u00edvel apontar as causas do inc\u00eandio, mas, existem suspeitas de que tenha sido um inc\u00eandio criminoso.<br><\/p>\n","protected":false},"excerpt":{"rendered":"<p>Ap\u00f3s cerca de 36 horas de fogo, o inc\u00eandio que atingia a regi\u00e3o dos s\u00edtios Uru\u00e7u, Moconha e Pitombeira, zona rural do munic\u00edpio de Monteiro,&hellip; <\/p>\n","protected":false},"author":1,"featured_media":140343,"comment_status":"closed","ping_status":"closed","sticky":false,"template":"","format":"standard","meta":{"sfsi_plus_gutenberg_text_before_share":"","sfsi_plus_gutenberg_show_text_before_share":"","sfsi_plus_gutenberg_icon_type":"","sfsi_plus_gutenberg_icon_alignemt":"","sfsi_plus_gutenburg_max_per_row":"","footnotes":""},"categories":[2],"tags":[],"class_list":["post-140342","post","type-post","status-publish","format-standard","has-post-thumbnail","hentry","category-geral"],"_links":{"self":[{"href":"https:\/\/www.caririemacao.com\/1\/wp-json\/wp\/v2\/posts\/140342","targetHints":{"allow":["GET"]}}],"collection":[{"href":"https:\/\/www.caririemacao.com\/1\/wp-json\/wp\/v2\/posts"}],"about":[{"href":"https:\/\/www.caririemacao.com\/1\/wp-json\/wp\/v2\/types\/post"}],"author":[{"embeddable":true,"href":"https:\/\/www.caririemacao.com\/1\/wp-json\/wp\/v2\/users\/1"}],"replies":[{"embeddable":true,"href":"https:\/\/www.caririemacao.com\/1\/wp-json\/wp\/v2\/comments?post=140342"}],"version-history":[{"count":1,"href":"https:\/\/www.caririemacao.com\/1\/wp-json\/wp\/v2\/posts\/140342\/revisions"}],"predecessor-version":[{"id":140344,"href":"https:\/\/www.caririemacao.com\/1\/wp-json\/wp\/v2\/posts\/140342\/revisions\/140344"}],"wp:featuredmedia":[{"embeddable":true,"href":"https:\/\/www.caririemacao.com\/1\/wp-json\/wp\/v2\/media\/140343"}],"wp:attachment":[{"href":"https:\/\/www.caririemacao.com\/1\/wp-json\/wp\/v2\/media?parent=140342"}],"wp:term":[{"taxonomy":"category","embeddable":true,"href":"https:\/\/www.caririemacao.com\/1\/wp-json\/wp\/v2\/categories?post=140342"},{"taxonomy":"post_tag","embeddable":true,"href":"https:\/\/www.caririemacao.com\/1\/wp-json\/wp\/v2\/tags?post=140342"}],"curies":[{"name":"wp","href":"https:\/\/api.w.org\/{rel}","templated":true}]}}