{"id":140345,"date":"2019-12-11T10:13:15","date_gmt":"2019-12-11T13:13:15","guid":{"rendered":"http:\/\/www.caririemacao.com\/1\/?p=140345"},"modified":"2019-12-11T10:13:15","modified_gmt":"2019-12-11T13:13:15","slug":"garantia-safra-de-monteiro-e-ss-do-umbuzeiro-serao-pagos-este-mes","status":"publish","type":"post","link":"https:\/\/www.caririemacao.com\/1\/2019\/12\/11\/garantia-safra-de-monteiro-e-ss-do-umbuzeiro-serao-pagos-este-mes\/","title":{"rendered":"Garantia safra de Monteiro e  SS do Umbuzeiro ser\u00e3o pagos este m\u00eas"},"content":{"rendered":"\n<p>O secret\u00e1rio de Pol\u00edtica Agr\u00edcola, Eduardo Sampaio Marques, autorizou o pagamento da dos benef\u00edcios relativos a 2018\/2019 aos agricultores que aderiram ao Garantia-Safra nos munic\u00edpios de Monteiro, S\u00e3o Sebasti\u00e3o do Umbuzeiro, Zabel\u00ea, Algod\u00e3o de Janda\u00edra, Araruna, Dami\u00e3o, Frei Martinho, Queimadas e Riach\u00e3o do Bacamarte.<br><\/p>\n\n\n\n<p>Conforme o documento, os pagamentos v\u00e3o ser feitos a partir deste m\u00eas, nas datas definidas pelo calend\u00e1rio de pagamento de benef\u00edcios sociais da Caixa Econ\u00f4mica Federal. A portaria, divulgada nesta ter\u00e7a-feira (10) no Di\u00e1rio Oficial da Uni\u00e3o, j\u00e1 entra em vigor com a publica\u00e7\u00e3o.]<\/p>\n\n\n\n<p><br>No m\u00eas de novembro, agricultores de Areial, Barra de Santana, Coxixola, Gado Bravo, Ing\u00e1, Itatuba, Mogeiro, Olivedos, Riacho de Santo Ant\u00f4nio e Santa Cec\u00edlia receberam o benef\u00edcio.<\/p>\n\n\n\n<p><br>O Garantia-Safra \u00e9 um benef\u00edcio social que garante ao agricultor familiar o recebimento de um aux\u00edlio pecuni\u00e1rio, por tempo determinado, caso perca sua safra em raz\u00e3o do fen\u00f4meno da estiagem ou do excesso h\u00eddrico. Sua \u00e1rea de atua\u00e7\u00e3o inclui os munic\u00edpios da regi\u00e3o Nordeste, do estado de Minas Gerais e do Esp\u00edrito Santo.<\/p>\n\n\n\n<p><br>Os recursos para o pagamento dos benef\u00edcios prov\u00eam das contribui\u00e7\u00f5es dos agricultores (taxa de ades\u00e3o), dos munic\u00edpios, dos estados e da Uni\u00e3o, que, juntas, formam o Fundo Garantia Safra (FGS), administrado pela Caixa desde outubro de 2003.<br><\/p>\n\n\n\n<p><br><strong>Com Mais PB<\/strong><\/p>\n","protected":false},"excerpt":{"rendered":"<p>O secret\u00e1rio de Pol\u00edtica Agr\u00edcola, Eduardo Sampaio Marques, autorizou o pagamento da dos benef\u00edcios relativos a 2018\/2019 aos agricultores que aderiram ao Garantia-Safra nos munic\u00edpios&hellip; <\/p>\n","protected":false},"author":1,"featured_media":96555,"comment_status":"closed","ping_status":"closed","sticky":false,"template":"","format":"standard","meta":{"sfsi_plus_gutenberg_text_before_share":"","sfsi_plus_gutenberg_show_text_before_share":"","sfsi_plus_gutenberg_icon_type":"","sfsi_plus_gutenberg_icon_alignemt":"","sfsi_plus_gutenburg_max_per_row":"","footnotes":""},"categories":[6],"tags":[],"class_list":["post-140345","post","type-post","status-publish","format-standard","has-post-thumbnail","hentry","category-cidades"],"_links":{"self":[{"href":"https:\/\/www.caririemacao.com\/1\/wp-json\/wp\/v2\/posts\/140345","targetHints":{"allow":["GET"]}}],"collection":[{"href":"https:\/\/www.caririemacao.com\/1\/wp-json\/wp\/v2\/posts"}],"about":[{"href":"https:\/\/www.caririemacao.com\/1\/wp-json\/wp\/v2\/types\/post"}],"author":[{"embeddable":true,"href":"https:\/\/www.caririemacao.com\/1\/wp-json\/wp\/v2\/users\/1"}],"replies":[{"embeddable":true,"href":"https:\/\/www.caririemacao.com\/1\/wp-json\/wp\/v2\/comments?post=140345"}],"version-history":[{"count":1,"href":"https:\/\/www.caririemacao.com\/1\/wp-json\/wp\/v2\/posts\/140345\/revisions"}],"predecessor-version":[{"id":140346,"href":"https:\/\/www.caririemacao.com\/1\/wp-json\/wp\/v2\/posts\/140345\/revisions\/140346"}],"wp:featuredmedia":[{"embeddable":true,"href":"https:\/\/www.caririemacao.com\/1\/wp-json\/wp\/v2\/media\/96555"}],"wp:attachment":[{"href":"https:\/\/www.caririemacao.com\/1\/wp-json\/wp\/v2\/media?parent=140345"}],"wp:term":[{"taxonomy":"category","embeddable":true,"href":"https:\/\/www.caririemacao.com\/1\/wp-json\/wp\/v2\/categories?post=140345"},{"taxonomy":"post_tag","embeddable":true,"href":"https:\/\/www.caririemacao.com\/1\/wp-json\/wp\/v2\/tags?post=140345"}],"curies":[{"name":"wp","href":"https:\/\/api.w.org\/{rel}","templated":true}]}}