{"id":140348,"date":"2019-12-11T10:15:06","date_gmt":"2019-12-11T13:15:06","guid":{"rendered":"http:\/\/www.caririemacao.com\/1\/?p=140348"},"modified":"2019-12-11T10:15:06","modified_gmt":"2019-12-11T13:15:06","slug":"prefeita-anna-lorena-solicita-ao-governador-que-carro-dos-bombeiros-permaneca-em-monteiro","status":"publish","type":"post","link":"https:\/\/www.caririemacao.com\/1\/2019\/12\/11\/prefeita-anna-lorena-solicita-ao-governador-que-carro-dos-bombeiros-permaneca-em-monteiro\/","title":{"rendered":"Prefeita Anna Lorena solicita ao governador que carro dos bombeiros permane\u00e7a em Monteiro"},"content":{"rendered":"\n<p>Nas \u00faltimas semanas o munic\u00edpio de Monteiro e sua popula\u00e7\u00e3o da zona rural v\u00eam sofrendo com os malef\u00edcios causados pelas queimadas.<br>Ciente da situa\u00e7\u00e3o, a prefeita do munic\u00edpio de Monteiro, Anna Lorena solicitou ao governador Jo\u00e3o Azevedo que mais uma parceria fosse firmada entre a Prefeitura de Monteiro e o Governo do Estado no sentido da perman\u00eancia de um carro de bombeiros na cidade.<\/p>\n\n\n\n<p><br>\u201cTemos visto uma grande quantidade de inc\u00eandios na zona rural e isso muito nos preocupa, n\u00e3o s\u00f3 pelas perdas materiais que podem ocasionar como tamb\u00e9m e principalmente pela sa\u00fade dos moradores. Ent\u00e3o, diante de tudo isso, solicitamos ao governador que mais esta parceria beneficie Monteiro e regi\u00e3o\u201d, informa Anna Lorena.<\/p>\n\n\n\n<p><br>Na tarde desta segunda-feira, 09, o Corpo de Bombeiros de Campina Grande foi acionado para ajudar no combate \u00e0s chamas que desta vez se propagou na regi\u00e3o da Pitombeira, local bastante distante da cidade. Um ponto de apoio foi providenciado na comunidade.<\/p>\n\n\n\n<p><br>A prefeitura ainda na busca por minimizar os danos nas comunidades atingidas ainda enviou carros pipa e uma equipe do SAMU para auxiliar os bombeiros, funcion\u00e1rios da prefeitura e a comunidade.<br><\/p>\n\n\n\n<p>\u201cPrecisamos nos conscientizar dos danos causados ao meio ambiente e consequentemente \u00e0 comunidade. N\u00e3o sabemos se os inc\u00eandios s\u00e3o provocados ou n\u00e3o, mas a \u00fanica certeza \u00e9 o impacto no dia a dia e sa\u00fade da popula\u00e7\u00e3o\u201d, finaliza a prefeita Anna Lorena.<br><\/p>\n\n\n\n<p>Todo o trabalho de combate aos inc\u00eandios continuou sendo realizado ao longo desta ter\u00e7a-feira, 10, na tentativa de conter as chamas e a propaga\u00e7\u00e3o do fogo. <\/p>\n","protected":false},"excerpt":{"rendered":"<p>Nas \u00faltimas semanas o munic\u00edpio de Monteiro e sua popula\u00e7\u00e3o da zona rural v\u00eam sofrendo com os malef\u00edcios causados pelas queimadas.Ciente da situa\u00e7\u00e3o, a prefeita&hellip; <\/p>\n","protected":false},"author":1,"featured_media":139875,"comment_status":"closed","ping_status":"closed","sticky":false,"template":"","format":"standard","meta":{"sfsi_plus_gutenberg_text_before_share":"","sfsi_plus_gutenberg_show_text_before_share":"","sfsi_plus_gutenberg_icon_type":"","sfsi_plus_gutenberg_icon_alignemt":"","sfsi_plus_gutenburg_max_per_row":"","footnotes":""},"categories":[50,2],"tags":[],"class_list":["post-140348","post","type-post","status-publish","format-standard","has-post-thumbnail","hentry","category-destaque","category-geral"],"_links":{"self":[{"href":"https:\/\/www.caririemacao.com\/1\/wp-json\/wp\/v2\/posts\/140348","targetHints":{"allow":["GET"]}}],"collection":[{"href":"https:\/\/www.caririemacao.com\/1\/wp-json\/wp\/v2\/posts"}],"about":[{"href":"https:\/\/www.caririemacao.com\/1\/wp-json\/wp\/v2\/types\/post"}],"author":[{"embeddable":true,"href":"https:\/\/www.caririemacao.com\/1\/wp-json\/wp\/v2\/users\/1"}],"replies":[{"embeddable":true,"href":"https:\/\/www.caririemacao.com\/1\/wp-json\/wp\/v2\/comments?post=140348"}],"version-history":[{"count":1,"href":"https:\/\/www.caririemacao.com\/1\/wp-json\/wp\/v2\/posts\/140348\/revisions"}],"predecessor-version":[{"id":140349,"href":"https:\/\/www.caririemacao.com\/1\/wp-json\/wp\/v2\/posts\/140348\/revisions\/140349"}],"wp:featuredmedia":[{"embeddable":true,"href":"https:\/\/www.caririemacao.com\/1\/wp-json\/wp\/v2\/media\/139875"}],"wp:attachment":[{"href":"https:\/\/www.caririemacao.com\/1\/wp-json\/wp\/v2\/media?parent=140348"}],"wp:term":[{"taxonomy":"category","embeddable":true,"href":"https:\/\/www.caririemacao.com\/1\/wp-json\/wp\/v2\/categories?post=140348"},{"taxonomy":"post_tag","embeddable":true,"href":"https:\/\/www.caririemacao.com\/1\/wp-json\/wp\/v2\/tags?post=140348"}],"curies":[{"name":"wp","href":"https:\/\/api.w.org\/{rel}","templated":true}]}}