{"id":140351,"date":"2019-12-11T10:16:37","date_gmt":"2019-12-11T13:16:37","guid":{"rendered":"http:\/\/www.caririemacao.com\/1\/?p=140351"},"modified":"2019-12-11T10:16:37","modified_gmt":"2019-12-11T13:16:37","slug":"professores-de-monteiro-concluem-cursos-de-aperfeicoamento-na-pratica-pedagogica","status":"publish","type":"post","link":"https:\/\/www.caririemacao.com\/1\/2019\/12\/11\/professores-de-monteiro-concluem-cursos-de-aperfeicoamento-na-pratica-pedagogica\/","title":{"rendered":"Professores de Monteiro concluem cursos de aperfei\u00e7oamento na pr\u00e1tica pedag\u00f3gica"},"content":{"rendered":"\n<p>A comunidade estudantil do munic\u00edpio de Monteiro que s\u00e3o atendidos nas salas de AEE contam com mais professores da Rede Municipal de Ensino ainda mais capacitados ap\u00f3s a finaliza\u00e7\u00e3o de cursos conclu\u00eddos na \u00faltima semana.<\/p>\n\n\n\n<p><br>Os cursos em Educa\u00e7\u00e3o Especial e Atendimento Educacional Especializado promovido pela FUNAD tiveram in\u00edcio em mar\u00e7o deste ano e aconteceram na capital do estado.<\/p>\n\n\n\n<p> A forma\u00e7\u00e3o tem como objetivo subsidiar professores com aportes te\u00f3ricos e pr\u00e1ticos que visam melhorar sua pr\u00e1tica pedag\u00f3gica.<br>A Assessoria de Educa\u00e7\u00e3o Especial da FUNAD argumenta que a forma\u00e7\u00e3o de professores se constitui no eixo principal das suas a\u00e7\u00f5es, visto que se entende ser esta uma condi\u00e7\u00e3o especial nas classes comuns, objetivando n\u00e3o somente \u00e0 garantia de acesso, mas de aprendizagem e perman\u00eancia do aluno no ambiente escolar.<\/p>\n\n\n\n<p><br>Participaram da forma\u00e7\u00e3o as professoras da sala regular; Ana Maria da Silva, Elaine Rom\u00e3o, Magna Viana, M\u00edrian Rodrigues e os professores das salas multifuncionais; Luciene Rafael, Jos\u00e9 Ant\u00f4nio S\u00e1 e Rog\u00e9rio de Lima.<br>\u201cA equipe concluiu a forma\u00e7\u00e3o, certa de que os desafios existem para que sejam superados e o investimento na forma\u00e7\u00e3o do professor \u00e9 essencial para que de fato seja feita uma educa\u00e7\u00e3o inclusiva considerando as peculiaridades de cada aluno\u201d, comenta a secret\u00e1ria de Educa\u00e7\u00e3o, Ana Lima.<br><\/p>\n","protected":false},"excerpt":{"rendered":"<p>A comunidade estudantil do munic\u00edpio de Monteiro que s\u00e3o atendidos nas salas de AEE contam com mais professores da Rede Municipal de Ensino ainda mais&hellip; <\/p>\n","protected":false},"author":1,"featured_media":140352,"comment_status":"closed","ping_status":"closed","sticky":false,"template":"","format":"standard","meta":{"sfsi_plus_gutenberg_text_before_share":"","sfsi_plus_gutenberg_show_text_before_share":"","sfsi_plus_gutenberg_icon_type":"","sfsi_plus_gutenberg_icon_alignemt":"","sfsi_plus_gutenburg_max_per_row":"","footnotes":""},"categories":[6],"tags":[],"class_list":["post-140351","post","type-post","status-publish","format-standard","has-post-thumbnail","hentry","category-cidades"],"_links":{"self":[{"href":"https:\/\/www.caririemacao.com\/1\/wp-json\/wp\/v2\/posts\/140351","targetHints":{"allow":["GET"]}}],"collection":[{"href":"https:\/\/www.caririemacao.com\/1\/wp-json\/wp\/v2\/posts"}],"about":[{"href":"https:\/\/www.caririemacao.com\/1\/wp-json\/wp\/v2\/types\/post"}],"author":[{"embeddable":true,"href":"https:\/\/www.caririemacao.com\/1\/wp-json\/wp\/v2\/users\/1"}],"replies":[{"embeddable":true,"href":"https:\/\/www.caririemacao.com\/1\/wp-json\/wp\/v2\/comments?post=140351"}],"version-history":[{"count":1,"href":"https:\/\/www.caririemacao.com\/1\/wp-json\/wp\/v2\/posts\/140351\/revisions"}],"predecessor-version":[{"id":140353,"href":"https:\/\/www.caririemacao.com\/1\/wp-json\/wp\/v2\/posts\/140351\/revisions\/140353"}],"wp:featuredmedia":[{"embeddable":true,"href":"https:\/\/www.caririemacao.com\/1\/wp-json\/wp\/v2\/media\/140352"}],"wp:attachment":[{"href":"https:\/\/www.caririemacao.com\/1\/wp-json\/wp\/v2\/media?parent=140351"}],"wp:term":[{"taxonomy":"category","embeddable":true,"href":"https:\/\/www.caririemacao.com\/1\/wp-json\/wp\/v2\/categories?post=140351"},{"taxonomy":"post_tag","embeddable":true,"href":"https:\/\/www.caririemacao.com\/1\/wp-json\/wp\/v2\/tags?post=140351"}],"curies":[{"name":"wp","href":"https:\/\/api.w.org\/{rel}","templated":true}]}}