{"id":140354,"date":"2019-12-11T10:19:13","date_gmt":"2019-12-11T13:19:13","guid":{"rendered":"http:\/\/www.caririemacao.com\/1\/?p=140354"},"modified":"2019-12-11T10:19:13","modified_gmt":"2019-12-11T13:19:13","slug":"nutricionista-e-educadora-fisica-de-amparo-participaram-do-simposio-paraibano-sobre-prevencao-ao-cancer","status":"publish","type":"post","link":"https:\/\/www.caririemacao.com\/1\/2019\/12\/11\/nutricionista-e-educadora-fisica-de-amparo-participaram-do-simposio-paraibano-sobre-prevencao-ao-cancer\/","title":{"rendered":"Nutricionista e Educadora F\u00edsica de Amparo participaram do Simp\u00f3sio Paraibano sobre Preven\u00e7\u00e3o ao C\u00e2ncer"},"content":{"rendered":"\n<p>Durante os dias 02 e 03 de dezembro, no Audit\u00f3rio I da UEPB-Campina Grande a Nutricionista Dr\u00aa Gabriella Sabryna e a Educadora F\u00edsica Vilma En\u00e9as estiveram representando a cidade de Amparo no Simp\u00f3sio Paraibano de Preven\u00e7\u00e3o do C\u00e2ncer.<br>O evento foi organizado pela Secretaria Estadual de Sa\u00fade e a Ger\u00eancia operacional da Aten\u00e7\u00e3o B\u00e1sica, contando com a parceria do Conselho Regional de Nutri\u00e7\u00e3o. Teve como p\u00fablico alvo os Munic\u00edpios da 2\u00aa Macrorregi\u00e3o de Sa\u00fade, gestores da Aten\u00e7\u00e3o B\u00e1sica, profissionais das Secretarias de Educa\u00e7\u00e3o, integrantes do GTIM (PSE) e profissionais do NASF (Nutricionista e Educador f\u00edsico).<br>O simp\u00f3sio teve como objetivo fomentar o desenvolvimento e implementa\u00e7\u00e3o de Pol\u00edticas P\u00fablicas de Promo\u00e7\u00e3o e Preven\u00e7\u00e3o, efetivas, integradas e sustent\u00e1veis, no \u00e2mbito da Aten\u00e7\u00e3o Prim\u00e1ria.<br><\/p>\n\n\n\n<figure class=\"wp-block-image\"><a href=\"https:\/\/1.bp.blogspot.com\/-alvpmjXQm_E\/Xe_4pU111KI\/AAAAAAABGo8\/ZFEYXh5zNRMT_QLCU88Elk2M7eEgYARTwCLcBGAsYHQ\/s1600\/WhatsApp%2BImage%2B2019-12-06%2Bat%2B1.49.23%2BPM%2B%25281%2529.jpeg\"><img decoding=\"async\" data-src=\"https:\/\/1.bp.blogspot.com\/-alvpmjXQm_E\/Xe_4pU111KI\/AAAAAAABGo8\/ZFEYXh5zNRMT_QLCU88Elk2M7eEgYARTwCLcBGAsYHQ\/s640\/WhatsApp%2BImage%2B2019-12-06%2Bat%2B1.49.23%2BPM%2B%25281%2529.jpeg\" alt=\"\" src=\"data:image\/svg+xml;base64,PHN2ZyB3aWR0aD0iMSIgaGVpZ2h0PSIxIiB4bWxucz0iaHR0cDovL3d3dy53My5vcmcvMjAwMC9zdmciPjwvc3ZnPg==\" class=\"lazyload\" \/><\/a><\/figure>\n\n\n\n<p>A programa\u00e7\u00e3o do evento contou com duas palestras no primeiro dia, abordando os seguintes temas: Alimentos Ultra processados e os riscos \u00e1 sa\u00fade com a Nutricionista Carolina Moreira de Santana, Apresenta\u00e7\u00e3o do projeto de Forma\u00e7\u00e3o de Gestores e Trabalhadores do SUS para diagn\u00f3stico e Tratamento da Obesidade, Movimenta\u00e7\u00e3o corporal (Educador f\u00edsico), relato de experi\u00eancia exitosa (Creche Walnyza Borborema Cunha Lima).<br>Dentro da abordagem das atividades F\u00edsicas, a Educadora Vilma En\u00e9as destaca a import\u00e2ncia do Projeto para o munic\u00edpio de Amparo; no Diagn\u00f3stico e tratamento da obesidade, como tamb\u00e9m as teorias de mudan\u00e7as de comportamento do paciente obeso e as Estrat\u00e9gias para promo\u00e7\u00e3o de Atividade F\u00edsica na Aten\u00e7\u00e3o B\u00e1sica. Trazendo as inova\u00e7\u00f5es dos exerc\u00edcios f\u00edsicos atrav\u00e9s do E-Games. E enfatizando que atrav\u00e9s das atividades F\u00edsicas poderemos prevenir as doen\u00e7as cr\u00f4nicas.<br>Amparo Ligado\n\n<\/p>\n","protected":false},"excerpt":{"rendered":"<p>Durante os dias 02 e 03 de dezembro, no Audit\u00f3rio I da UEPB-Campina Grande a Nutricionista Dr\u00aa Gabriella Sabryna e a Educadora F\u00edsica Vilma En\u00e9as&hellip; <\/p>\n","protected":false},"author":1,"featured_media":140355,"comment_status":"closed","ping_status":"closed","sticky":false,"template":"","format":"standard","meta":{"sfsi_plus_gutenberg_text_before_share":"","sfsi_plus_gutenberg_show_text_before_share":"","sfsi_plus_gutenberg_icon_type":"","sfsi_plus_gutenberg_icon_alignemt":"","sfsi_plus_gutenburg_max_per_row":"","footnotes":""},"categories":[6],"tags":[],"class_list":["post-140354","post","type-post","status-publish","format-standard","has-post-thumbnail","hentry","category-cidades"],"_links":{"self":[{"href":"https:\/\/www.caririemacao.com\/1\/wp-json\/wp\/v2\/posts\/140354","targetHints":{"allow":["GET"]}}],"collection":[{"href":"https:\/\/www.caririemacao.com\/1\/wp-json\/wp\/v2\/posts"}],"about":[{"href":"https:\/\/www.caririemacao.com\/1\/wp-json\/wp\/v2\/types\/post"}],"author":[{"embeddable":true,"href":"https:\/\/www.caririemacao.com\/1\/wp-json\/wp\/v2\/users\/1"}],"replies":[{"embeddable":true,"href":"https:\/\/www.caririemacao.com\/1\/wp-json\/wp\/v2\/comments?post=140354"}],"version-history":[{"count":1,"href":"https:\/\/www.caririemacao.com\/1\/wp-json\/wp\/v2\/posts\/140354\/revisions"}],"predecessor-version":[{"id":140356,"href":"https:\/\/www.caririemacao.com\/1\/wp-json\/wp\/v2\/posts\/140354\/revisions\/140356"}],"wp:featuredmedia":[{"embeddable":true,"href":"https:\/\/www.caririemacao.com\/1\/wp-json\/wp\/v2\/media\/140355"}],"wp:attachment":[{"href":"https:\/\/www.caririemacao.com\/1\/wp-json\/wp\/v2\/media?parent=140354"}],"wp:term":[{"taxonomy":"category","embeddable":true,"href":"https:\/\/www.caririemacao.com\/1\/wp-json\/wp\/v2\/categories?post=140354"},{"taxonomy":"post_tag","embeddable":true,"href":"https:\/\/www.caririemacao.com\/1\/wp-json\/wp\/v2\/tags?post=140354"}],"curies":[{"name":"wp","href":"https:\/\/api.w.org\/{rel}","templated":true}]}}