{"id":140357,"date":"2019-12-11T10:33:12","date_gmt":"2019-12-11T13:33:12","guid":{"rendered":"http:\/\/www.caririemacao.com\/1\/?p=140357"},"modified":"2019-12-11T10:33:12","modified_gmt":"2019-12-11T13:33:12","slug":"disputa-por-cachorrinho-leva-vizinhos-a-policia-na-paraiba","status":"publish","type":"post","link":"https:\/\/www.caririemacao.com\/1\/2019\/12\/11\/disputa-por-cachorrinho-leva-vizinhos-a-policia-na-paraiba\/","title":{"rendered":"Disputa por cachorrinho leva vizinhos \u00e0 Pol\u00edcia, na Para\u00edba"},"content":{"rendered":"\n<p>Dois vizinhos entraram em uma disputa por um cachorro, no bairro do Geisel, em Jo\u00e3o Pessoa. A briga entre eles foi parar na Central de Pol\u00edcia de Jo\u00e3o Pessoa, na noite desta segunda-feira (9).<\/p>\n\n\n\n<p>De acordo com Ana Cristina, uma das supostas donas do cachorro chamado \u2018Jampa\u2019, ele fugiu h\u00e1 um pouco mais de dois meses. O animal foi procurado pelos donos, mas n\u00e3o foi encontrado.&nbsp;<\/p>\n\n\n\n<p>J\u00e1 Eronildo disse&nbsp;que o cachorro apareceu na frente de sua casa. Ele&nbsp;recebeu vacinas, tratamentos veterin\u00e1rios e passou a fazer parte da rotina da resid\u00eancia.<\/p>\n\n\n\n<p>Nessa segunda-feira, o cachorro foi retirado da casa onde estava pela fam\u00edlia da Ana Cristina e a competi\u00e7\u00e3o pela posse do animal iniciou.<\/p>\n\n\n\n<p>A delegada L\u00eddia Veloso informou que ouviu as partes, por\u00e9m n\u00e3o chegou a nenhuma conclus\u00e3o, pois os donos do animal alegam diferen\u00e7a na colora\u00e7\u00e3o nos pelos.&nbsp;<\/p>\n\n\n\n<p>O animal foi para casa de Eronildo e o caso&nbsp;foi encaminhado para a 4\u00aa Delegacia Distrital, onde os donos devem prestar depoimento e a verdadeira posse do animal ser investigada.<\/p>\n\n\n\n<p>Fonte: ClickPB<\/p>\n","protected":false},"excerpt":{"rendered":"<p>Dois vizinhos entraram em uma disputa por um cachorro, no bairro do Geisel, em Jo\u00e3o Pessoa. A briga entre eles foi parar na Central de&hellip; <\/p>\n","protected":false},"author":1,"featured_media":140358,"comment_status":"closed","ping_status":"closed","sticky":false,"template":"","format":"standard","meta":{"sfsi_plus_gutenberg_text_before_share":"","sfsi_plus_gutenberg_show_text_before_share":"","sfsi_plus_gutenberg_icon_type":"","sfsi_plus_gutenberg_icon_alignemt":"","sfsi_plus_gutenburg_max_per_row":"","footnotes":""},"categories":[12],"tags":[],"class_list":["post-140357","post","type-post","status-publish","format-standard","has-post-thumbnail","hentry","category-policia"],"_links":{"self":[{"href":"https:\/\/www.caririemacao.com\/1\/wp-json\/wp\/v2\/posts\/140357","targetHints":{"allow":["GET"]}}],"collection":[{"href":"https:\/\/www.caririemacao.com\/1\/wp-json\/wp\/v2\/posts"}],"about":[{"href":"https:\/\/www.caririemacao.com\/1\/wp-json\/wp\/v2\/types\/post"}],"author":[{"embeddable":true,"href":"https:\/\/www.caririemacao.com\/1\/wp-json\/wp\/v2\/users\/1"}],"replies":[{"embeddable":true,"href":"https:\/\/www.caririemacao.com\/1\/wp-json\/wp\/v2\/comments?post=140357"}],"version-history":[{"count":1,"href":"https:\/\/www.caririemacao.com\/1\/wp-json\/wp\/v2\/posts\/140357\/revisions"}],"predecessor-version":[{"id":140359,"href":"https:\/\/www.caririemacao.com\/1\/wp-json\/wp\/v2\/posts\/140357\/revisions\/140359"}],"wp:featuredmedia":[{"embeddable":true,"href":"https:\/\/www.caririemacao.com\/1\/wp-json\/wp\/v2\/media\/140358"}],"wp:attachment":[{"href":"https:\/\/www.caririemacao.com\/1\/wp-json\/wp\/v2\/media?parent=140357"}],"wp:term":[{"taxonomy":"category","embeddable":true,"href":"https:\/\/www.caririemacao.com\/1\/wp-json\/wp\/v2\/categories?post=140357"},{"taxonomy":"post_tag","embeddable":true,"href":"https:\/\/www.caririemacao.com\/1\/wp-json\/wp\/v2\/tags?post=140357"}],"curies":[{"name":"wp","href":"https:\/\/api.w.org\/{rel}","templated":true}]}}