{"id":140364,"date":"2019-12-11T10:35:00","date_gmt":"2019-12-11T13:35:00","guid":{"rendered":"http:\/\/www.caririemacao.com\/1\/?p=140364"},"modified":"2019-12-11T10:35:00","modified_gmt":"2019-12-11T13:35:00","slug":"governo-anuncia-versao-digital-de-diplomas-para-curso-superior","status":"publish","type":"post","link":"https:\/\/www.caririemacao.com\/1\/2019\/12\/11\/governo-anuncia-versao-digital-de-diplomas-para-curso-superior\/","title":{"rendered":"Governo anuncia vers\u00e3o digital de diplomas para curso superior"},"content":{"rendered":"\n<p>O Minist\u00e9rio da Educa\u00e7\u00e3o (MEC) anunciou nesta ter\u00e7a-feira (10) que universidades e institui\u00e7\u00f5es de ensino superior ter\u00e3o uma nova modalidade de emiss\u00e3o de diplomas de gradua\u00e7\u00e3o: o diploma digital. De acordo com o secret\u00e1rio de Educa\u00e7\u00e3o Superior, Arnaldo Barbosa J\u00fanior, a medida visa reduzir os custos de emiss\u00e3o do certificado e agilizar a empregabilidade de jovens graduados.<\/p>\n\n\n\n<p>\u201cQuando a pessoa se forma no n\u00edvel superior, o n\u00edvel de empregabilidade se torna muito elevado. Isso \u00e9 fruto das oportunidades que estamos criando, \u00e9 mais um servi\u00e7o de transforma\u00e7\u00e3o digital. E vamos corrigir um erro hist\u00f3rico: ficamos muito distantes dos alunos. Mas, cada vez mais, queremos nos aproximar e construir um novo mundo. Um mundo de educa\u00e7\u00e3o de qualidade\u201d, disse o secret\u00e1rio.<\/p>\n\n\n\n<p>O novo formato deve estar dispon\u00edvel para 8,3 milh\u00f5es de estudantes brasileiros que est\u00e3o em fase de gradua\u00e7\u00e3o e que ser\u00e3o beneficiados pela primeira fase de implanta\u00e7\u00e3o do diploma digital. O projeto-piloto foi realizado na Universidade Federal de Santa Catarina (UFSC) e conseguiu reduzir o tempo de emiss\u00e3o de um diploma devidamente autenticado e assinado digitalmente pelo minist\u00e9rio para 15 dias \u2013 prazo 84% menor que os 90 dias estipulados pela maioria das institui\u00e7\u00f5es de ensino superior do Brasil. Segundo o secret\u00e1rio, por enquanto a nova tecnologia n\u00e3o ser\u00e1 aplicada para cursos de p\u00f3s-gradua\u00e7\u00e3o, mestrados e doutorados.<\/p>\n\n\n\n<p><strong>Custos menores<\/strong><br>Os custos para a emiss\u00e3o do diploma digital tamb\u00e9m s\u00e3o positivos. De acordo com Barbosa J\u00fanior, a medida deve economizar R$ 48 milh\u00f5es ao ano para as institui\u00e7\u00f5es que emitem o papel. Jean Martina, que supervisionou o projeto-piloto na UFSC, explicou que os custos log\u00edsticos ser\u00e3o reduzidos drasticamente. \u201cO pre\u00e7o de emiss\u00e3o de um diploma digital f\u00edsico \u00e9 de R$ 390,26. A vers\u00e3o digital custar\u00e1 pouco mais de R$ 85. O principal ganho \u00e9 que vamos desmaterializar o papel e criar uma vers\u00e3o eletr\u00f4nica, que estar\u00e1 dispon\u00edvel em qualquer celular\u201d.<\/p>\n\n\n\n<p>A vers\u00e3o digital dos diplomas tamb\u00e9m ser\u00e1 uma garantia de autenticidade, pois qualquer pessoa poder\u00e1 consultar a base de registros digitais disponibilizada pelo MEC, que validar\u00e1 as informa\u00e7\u00f5es consultadas pelos aplicativos de celular ou pela internet. \u201cO diploma [digital] visa garantir simplifica\u00e7\u00e3o. O processo [de valida\u00e7\u00e3o do diploma] \u00e9 muito moroso. O processo mais simples pode demorar at\u00e9 120 dias, e muitas vezes os prazos n\u00e3o s\u00e3o sequer respeitados. Temos que garantir a desburocratiza\u00e7\u00e3o e, acima de tudo, garantir seguran\u00e7a para combater diplomas irregulares e falsos\u201d, disse Barbosa J\u00fanior.<\/p>\n\n\n\n<p><strong>Ag\u00eancia Brasil<\/strong><\/p>\n","protected":false},"excerpt":{"rendered":"<p>O Minist\u00e9rio da Educa\u00e7\u00e3o (MEC) anunciou nesta ter\u00e7a-feira (10) que universidades e institui\u00e7\u00f5es de ensino superior ter\u00e3o uma nova modalidade de emiss\u00e3o de diplomas de&hellip; <\/p>\n","protected":false},"author":1,"featured_media":140365,"comment_status":"closed","ping_status":"closed","sticky":false,"template":"","format":"standard","meta":{"sfsi_plus_gutenberg_text_before_share":"","sfsi_plus_gutenberg_show_text_before_share":"","sfsi_plus_gutenberg_icon_type":"","sfsi_plus_gutenberg_icon_alignemt":"","sfsi_plus_gutenburg_max_per_row":"","footnotes":""},"categories":[11],"tags":[],"class_list":["post-140364","post","type-post","status-publish","format-standard","has-post-thumbnail","hentry","category-politica"],"_links":{"self":[{"href":"https:\/\/www.caririemacao.com\/1\/wp-json\/wp\/v2\/posts\/140364","targetHints":{"allow":["GET"]}}],"collection":[{"href":"https:\/\/www.caririemacao.com\/1\/wp-json\/wp\/v2\/posts"}],"about":[{"href":"https:\/\/www.caririemacao.com\/1\/wp-json\/wp\/v2\/types\/post"}],"author":[{"embeddable":true,"href":"https:\/\/www.caririemacao.com\/1\/wp-json\/wp\/v2\/users\/1"}],"replies":[{"embeddable":true,"href":"https:\/\/www.caririemacao.com\/1\/wp-json\/wp\/v2\/comments?post=140364"}],"version-history":[{"count":1,"href":"https:\/\/www.caririemacao.com\/1\/wp-json\/wp\/v2\/posts\/140364\/revisions"}],"predecessor-version":[{"id":140366,"href":"https:\/\/www.caririemacao.com\/1\/wp-json\/wp\/v2\/posts\/140364\/revisions\/140366"}],"wp:featuredmedia":[{"embeddable":true,"href":"https:\/\/www.caririemacao.com\/1\/wp-json\/wp\/v2\/media\/140365"}],"wp:attachment":[{"href":"https:\/\/www.caririemacao.com\/1\/wp-json\/wp\/v2\/media?parent=140364"}],"wp:term":[{"taxonomy":"category","embeddable":true,"href":"https:\/\/www.caririemacao.com\/1\/wp-json\/wp\/v2\/categories?post=140364"},{"taxonomy":"post_tag","embeddable":true,"href":"https:\/\/www.caririemacao.com\/1\/wp-json\/wp\/v2\/tags?post=140364"}],"curies":[{"name":"wp","href":"https:\/\/api.w.org\/{rel}","templated":true}]}}