{"id":140367,"date":"2019-12-11T10:35:53","date_gmt":"2019-12-11T13:35:53","guid":{"rendered":"http:\/\/www.caririemacao.com\/1\/?p=140367"},"modified":"2019-12-11T10:35:53","modified_gmt":"2019-12-11T13:35:53","slug":"joao-azevedo-nomeia-novo-presidente-da-fundacao-casa-de-jose-americo","status":"publish","type":"post","link":"https:\/\/www.caririemacao.com\/1\/2019\/12\/11\/joao-azevedo-nomeia-novo-presidente-da-fundacao-casa-de-jose-americo\/","title":{"rendered":"Jo\u00e3o Azev\u00eado nomeia novo presidente da Funda\u00e7\u00e3o Casa de Jos\u00e9 Am\u00e9rico"},"content":{"rendered":"\n<p>O governador Jo\u00e3o Azev\u00eado nomeou o jornalista, escritor e compositor Fernando Moura como o novo presidente da Funda\u00e7\u00e3o Casa de Jos\u00e9 Am\u00e9rico. O ato governamental foi publicado na edi\u00e7\u00e3o desta quarta-feira (11) do Di\u00e1rio Oficial do Estado.<\/p>\n\n\n\n<p>Fernando Ant\u00f4nio Moura de Lima estava lotado na Secretaria de Estado do Governo com o cargo em comiss\u00e3o de Consultor T\u00e9cnico do Governo. A mesma edi\u00e7\u00e3o do Di\u00e1rio Oficial trouxe a sua exonera\u00e7\u00e3o desse cargo para possibilitar a nomea\u00e7\u00e3o ao novo posto.<\/p>\n\n\n\n<p>A Funda\u00e7\u00e3o Casa de Jos\u00e9 Am\u00e9rico, inaugurada em 1982, \u00e9 um centro hist\u00f3rico, art\u00edstico-cultural, de pesquisa e de lazer, composto pelo Museu, Biblioteca, Hemeroteca, Acervo de cultura popular, Galeria, Arquivos dos Governadores da Para\u00edba e de personalidades paraibanas e o Mausol\u00e9u de Jos\u00e9 Am\u00e9rico.<\/p>\n\n\n\n<figure class=\"wp-block-image\"><img decoding=\"async\" data-src=\"https:\/\/www.clickpb.com.br\/media\/filer_public\/94\/8d\/948db5b5-4c3a-491f-a378-60ad5e6879da\/fundacao_casa_de_jose_americo.jpg\" alt=\"\" src=\"data:image\/svg+xml;base64,PHN2ZyB3aWR0aD0iMSIgaGVpZ2h0PSIxIiB4bWxucz0iaHR0cDovL3d3dy53My5vcmcvMjAwMC9zdmciPjwvc3ZnPg==\" class=\"lazyload\" \/><\/figure>\n","protected":false},"excerpt":{"rendered":"<p>O governador Jo\u00e3o Azev\u00eado nomeou o jornalista, escritor e compositor Fernando Moura como o novo presidente da Funda\u00e7\u00e3o Casa de Jos\u00e9 Am\u00e9rico. O ato governamental&hellip; <\/p>\n","protected":false},"author":1,"featured_media":140368,"comment_status":"closed","ping_status":"closed","sticky":false,"template":"","format":"standard","meta":{"sfsi_plus_gutenberg_text_before_share":"","sfsi_plus_gutenberg_show_text_before_share":"","sfsi_plus_gutenberg_icon_type":"","sfsi_plus_gutenberg_icon_alignemt":"","sfsi_plus_gutenburg_max_per_row":"","footnotes":""},"categories":[11],"tags":[],"class_list":["post-140367","post","type-post","status-publish","format-standard","has-post-thumbnail","hentry","category-politica"],"_links":{"self":[{"href":"https:\/\/www.caririemacao.com\/1\/wp-json\/wp\/v2\/posts\/140367","targetHints":{"allow":["GET"]}}],"collection":[{"href":"https:\/\/www.caririemacao.com\/1\/wp-json\/wp\/v2\/posts"}],"about":[{"href":"https:\/\/www.caririemacao.com\/1\/wp-json\/wp\/v2\/types\/post"}],"author":[{"embeddable":true,"href":"https:\/\/www.caririemacao.com\/1\/wp-json\/wp\/v2\/users\/1"}],"replies":[{"embeddable":true,"href":"https:\/\/www.caririemacao.com\/1\/wp-json\/wp\/v2\/comments?post=140367"}],"version-history":[{"count":1,"href":"https:\/\/www.caririemacao.com\/1\/wp-json\/wp\/v2\/posts\/140367\/revisions"}],"predecessor-version":[{"id":140369,"href":"https:\/\/www.caririemacao.com\/1\/wp-json\/wp\/v2\/posts\/140367\/revisions\/140369"}],"wp:featuredmedia":[{"embeddable":true,"href":"https:\/\/www.caririemacao.com\/1\/wp-json\/wp\/v2\/media\/140368"}],"wp:attachment":[{"href":"https:\/\/www.caririemacao.com\/1\/wp-json\/wp\/v2\/media?parent=140367"}],"wp:term":[{"taxonomy":"category","embeddable":true,"href":"https:\/\/www.caririemacao.com\/1\/wp-json\/wp\/v2\/categories?post=140367"},{"taxonomy":"post_tag","embeddable":true,"href":"https:\/\/www.caririemacao.com\/1\/wp-json\/wp\/v2\/tags?post=140367"}],"curies":[{"name":"wp","href":"https:\/\/api.w.org\/{rel}","templated":true}]}}