{"id":140370,"date":"2019-12-11T10:37:45","date_gmt":"2019-12-11T13:37:45","guid":{"rendered":"http:\/\/www.caririemacao.com\/1\/?p=140370"},"modified":"2019-12-11T10:37:45","modified_gmt":"2019-12-11T13:37:45","slug":"prefeito-baixa-decreto-e-fixa-preco-do-quilo-da-carne-a-r-12-com-osso-e-r-15-sem-osso","status":"publish","type":"post","link":"https:\/\/www.caririemacao.com\/1\/2019\/12\/11\/prefeito-baixa-decreto-e-fixa-preco-do-quilo-da-carne-a-r-12-com-osso-e-r-15-sem-osso\/","title":{"rendered":"Prefeito baixa decreto e fixa pre\u00e7o do quilo da carne a R$ 12 com osso e R$ 15 sem osso"},"content":{"rendered":"\n<p>Inconformado com a alta dos pre\u00e7os, o prefeito de Lago Verde, no interior do Maranh\u00e3o, Francisco Clidenor (Cidadania), baixou decreto e fixou os valores para venda da carne nos a\u00e7ougues da cidade que agora custam R$ 12 o quilo com osso e R$ 15 sem osso.<\/p>\n\n\n\n<p>Segundo reportagem do jornal O Estado de S.Paulo, o secret\u00e1rio de Fazenda do munic\u00edpio, Geyson Arag\u00e3o, afirma que \u00e9 \u201cquest\u00e3o cultural\u201d ter apenas dois pre\u00e7os para a carne nos oito a\u00e7ougues da cidade.<\/p>\n\n\n\n<p>Ele disse que o pre\u00e7o \u2013 o mesmo cobrado em todos os a\u00e7ougues \u2013 sempre foi decidido em reuni\u00f5es, nunca por decreto e diz ter se espantado com a decis\u00e3o do prefeito.<\/p>\n\n\n\n<p>Segundo ele, o aumento do pre\u00e7o da carne na cidade n\u00e3o est\u00e1 ligado \u00e0 alta que ocorre no pa\u00eds, j\u00e1 que Lago Verde tem grandes fazendas de gado em seu entorno.<\/p>\n\n\n\n<p>\u201cConversei com os donos de a\u00e7ougue, e n\u00e3o est\u00e1 tendo boi. Os criadores n\u00e3o vendem a carne. E quando vendem, \u00e9 com um pre\u00e7o alto. Por isso os a\u00e7ougueiros n\u00e3o conseguem baixar o pre\u00e7o\u201d, disse o secret\u00e1rio ao Estad\u00e3o.<\/p>\n\n\n\n<figure class=\"wp-block-image\"><img decoding=\"async\" data-src=\"https:\/\/www.clickpb.com.br\/media\/filer_public\/1b\/36\/1b36077c-7d8e-4dff-8a4b-858eff6bd400\/decreto_-_carne_-_maranhao.jpg\" alt=\"\" src=\"data:image\/svg+xml;base64,PHN2ZyB3aWR0aD0iMSIgaGVpZ2h0PSIxIiB4bWxucz0iaHR0cDovL3d3dy53My5vcmcvMjAwMC9zdmciPjwvc3ZnPg==\" class=\"lazyload\" \/><\/figure>\n","protected":false},"excerpt":{"rendered":"<p>Inconformado com a alta dos pre\u00e7os, o prefeito de Lago Verde, no interior do Maranh\u00e3o, Francisco Clidenor (Cidadania), baixou decreto e fixou os valores para&hellip; <\/p>\n","protected":false},"author":1,"featured_media":16764,"comment_status":"closed","ping_status":"closed","sticky":false,"template":"","format":"standard","meta":{"sfsi_plus_gutenberg_text_before_share":"","sfsi_plus_gutenberg_show_text_before_share":"","sfsi_plus_gutenberg_icon_type":"","sfsi_plus_gutenberg_icon_alignemt":"","sfsi_plus_gutenburg_max_per_row":"","footnotes":""},"categories":[6,50],"tags":[],"class_list":["post-140370","post","type-post","status-publish","format-standard","has-post-thumbnail","hentry","category-cidades","category-destaque"],"_links":{"self":[{"href":"https:\/\/www.caririemacao.com\/1\/wp-json\/wp\/v2\/posts\/140370","targetHints":{"allow":["GET"]}}],"collection":[{"href":"https:\/\/www.caririemacao.com\/1\/wp-json\/wp\/v2\/posts"}],"about":[{"href":"https:\/\/www.caririemacao.com\/1\/wp-json\/wp\/v2\/types\/post"}],"author":[{"embeddable":true,"href":"https:\/\/www.caririemacao.com\/1\/wp-json\/wp\/v2\/users\/1"}],"replies":[{"embeddable":true,"href":"https:\/\/www.caririemacao.com\/1\/wp-json\/wp\/v2\/comments?post=140370"}],"version-history":[{"count":1,"href":"https:\/\/www.caririemacao.com\/1\/wp-json\/wp\/v2\/posts\/140370\/revisions"}],"predecessor-version":[{"id":140371,"href":"https:\/\/www.caririemacao.com\/1\/wp-json\/wp\/v2\/posts\/140370\/revisions\/140371"}],"wp:featuredmedia":[{"embeddable":true,"href":"https:\/\/www.caririemacao.com\/1\/wp-json\/wp\/v2\/media\/16764"}],"wp:attachment":[{"href":"https:\/\/www.caririemacao.com\/1\/wp-json\/wp\/v2\/media?parent=140370"}],"wp:term":[{"taxonomy":"category","embeddable":true,"href":"https:\/\/www.caririemacao.com\/1\/wp-json\/wp\/v2\/categories?post=140370"},{"taxonomy":"post_tag","embeddable":true,"href":"https:\/\/www.caririemacao.com\/1\/wp-json\/wp\/v2\/tags?post=140370"}],"curies":[{"name":"wp","href":"https:\/\/api.w.org\/{rel}","templated":true}]}}