{"id":140373,"date":"2019-12-11T10:43:21","date_gmt":"2019-12-11T13:43:21","guid":{"rendered":"http:\/\/www.caririemacao.com\/1\/?p=140373"},"modified":"2019-12-11T10:43:21","modified_gmt":"2019-12-11T13:43:21","slug":"prefeitura-de-caraubas-anuncia-liberacao-da-segunda-parcela-do-decimo-terceiros-salario-dos-servidores","status":"publish","type":"post","link":"https:\/\/www.caririemacao.com\/1\/2019\/12\/11\/prefeitura-de-caraubas-anuncia-liberacao-da-segunda-parcela-do-decimo-terceiros-salario-dos-servidores\/","title":{"rendered":"Prefeitura de Cara\u00fabas anuncia libera\u00e7\u00e3o da segunda parcela do d\u00e9cimo terceiros sal\u00e1rio dos servidores"},"content":{"rendered":"\n<p>O prefeito de Cara\u00fabas, Silvano Dudu anunciou hoje a libera\u00e7\u00e3o da segunda parcela do d\u00e9cimo terceiro sal\u00e1rio dos servidores p\u00fablicos municipais. De acordo com ele na pr\u00f3xima sexta-feira, dia 20\/12, os servidores ter\u00e3o creditados em suas respectivas contas os 50% restantes do pagamento do d\u00e9cimo terceiro sal\u00e1rio referente ao exerc\u00edcio de 2019.O nosso compromisso com o servidor p\u00fablico continua sendo uma das prioridades da nossa gest\u00e3o. <\/p>\n\n\n\n<p>Vejam que a maioria dos nossos colegas gestores anunciam mensalmente a libera\u00e7\u00e3o de pagamentos. Eu nunca usei esse tipo de meio para divulgar algo que \u00e9 nossa obriga\u00e7\u00e3o enquanto gestor.<\/p>\n\n\n\n<p> Mas respeito quem entende o contr\u00e1rio por isso vivemos numa democracia, disse ele.Todos os meses do ano, em que pese as dificuldades em manter em dia o nosso funcionalismo, temos cumprido com esse compromisso. Acima de tudo n\u00e3o apenas pela valoriza\u00e7\u00e3o dos bravos e heroicos servidores municipais, mas principalmente, porque sabemos que em sua grande maioria s\u00e3o pais de fam\u00edlia que necessitam pagar suas contas mensais, afirmou Silvano.<\/p>\n\n\n\n<p>De acordo com o secret\u00e1rio das Finan\u00e7as, Silvio Fernandes ser\u00e3o investidos recursos na ordem de R$ 465.000,00 (Quatrocentos e Sessenta e Cinco Mil Reais) que ir\u00e3o movimentar a economia do munic\u00edpio propiciando aos servidores e familiares um Natal mais tranquilo com dinheiro no bolso.Al\u00e9m da parcela do d\u00e9cimo terceiro sal\u00e1rio esse m\u00eas ainda teremos a libera\u00e7\u00e3o da Folha de Pagamento dos servidores referente ao m\u00eas de dezembro que juntas devem chegar a casa de aproximadamente R$ 800.000,00 (Oitocentos Mil Reais).\u00a0<br><\/p>\n\n\n\n<p>Fonte:\u00a0<strong>SEPLACOM<\/strong><\/p>\n\n\n\n<p>Foto:\u00a0<strong>ARQUIVO<\/strong><br><\/p>\n","protected":false},"excerpt":{"rendered":"<p>O prefeito de Cara\u00fabas, Silvano Dudu anunciou hoje a libera\u00e7\u00e3o da segunda parcela do d\u00e9cimo terceiro sal\u00e1rio dos servidores p\u00fablicos municipais. De acordo com ele&hellip; <\/p>\n","protected":false},"author":1,"featured_media":140374,"comment_status":"closed","ping_status":"closed","sticky":false,"template":"","format":"standard","meta":{"sfsi_plus_gutenberg_text_before_share":"","sfsi_plus_gutenberg_show_text_before_share":"","sfsi_plus_gutenberg_icon_type":"","sfsi_plus_gutenberg_icon_alignemt":"","sfsi_plus_gutenburg_max_per_row":"","footnotes":""},"categories":[6],"tags":[],"class_list":["post-140373","post","type-post","status-publish","format-standard","has-post-thumbnail","hentry","category-cidades"],"_links":{"self":[{"href":"https:\/\/www.caririemacao.com\/1\/wp-json\/wp\/v2\/posts\/140373","targetHints":{"allow":["GET"]}}],"collection":[{"href":"https:\/\/www.caririemacao.com\/1\/wp-json\/wp\/v2\/posts"}],"about":[{"href":"https:\/\/www.caririemacao.com\/1\/wp-json\/wp\/v2\/types\/post"}],"author":[{"embeddable":true,"href":"https:\/\/www.caririemacao.com\/1\/wp-json\/wp\/v2\/users\/1"}],"replies":[{"embeddable":true,"href":"https:\/\/www.caririemacao.com\/1\/wp-json\/wp\/v2\/comments?post=140373"}],"version-history":[{"count":1,"href":"https:\/\/www.caririemacao.com\/1\/wp-json\/wp\/v2\/posts\/140373\/revisions"}],"predecessor-version":[{"id":140375,"href":"https:\/\/www.caririemacao.com\/1\/wp-json\/wp\/v2\/posts\/140373\/revisions\/140375"}],"wp:featuredmedia":[{"embeddable":true,"href":"https:\/\/www.caririemacao.com\/1\/wp-json\/wp\/v2\/media\/140374"}],"wp:attachment":[{"href":"https:\/\/www.caririemacao.com\/1\/wp-json\/wp\/v2\/media?parent=140373"}],"wp:term":[{"taxonomy":"category","embeddable":true,"href":"https:\/\/www.caririemacao.com\/1\/wp-json\/wp\/v2\/categories?post=140373"},{"taxonomy":"post_tag","embeddable":true,"href":"https:\/\/www.caririemacao.com\/1\/wp-json\/wp\/v2\/tags?post=140373"}],"curies":[{"name":"wp","href":"https:\/\/api.w.org\/{rel}","templated":true}]}}