{"id":140376,"date":"2019-12-11T10:45:20","date_gmt":"2019-12-11T13:45:20","guid":{"rendered":"http:\/\/www.caririemacao.com\/1\/?p=140376"},"modified":"2019-12-11T10:45:20","modified_gmt":"2019-12-11T13:45:20","slug":"secretaria-da-educacao-de-caraubas-inicia-matriculas-e-elabora-o-calendario-escolar-2020","status":"publish","type":"post","link":"https:\/\/www.caririemacao.com\/1\/2019\/12\/11\/secretaria-da-educacao-de-caraubas-inicia-matriculas-e-elabora-o-calendario-escolar-2020\/","title":{"rendered":"Secretaria da educa\u00e7\u00e3o de Cara\u00fabas inicia matr\u00edculas e elabora o calend\u00e1rio escolar 2020"},"content":{"rendered":"\n<p>A Secret\u00e1ria da Educa\u00e7\u00e3o da Prefeitura Municipal de Cara\u00fabas, Rhayanne Sorayne Fernandes divulgou o calend\u00e1rio escolar 2020 com todo o Planejamento do setor educacional para o exerc\u00edcio de 2020. No pr\u00f3ximo dia 20\/12, toda rede de ensino entrar\u00e1 de f\u00e9rias.<\/p>\n\n\n\n<p>A secret\u00e1ria Rhayanne lembrou que neste per\u00edodo de f\u00e9rias a Secretaria da Educa\u00e7\u00e3o em parceria com a SOPSUR estar\u00e1 realizando reformas, limpeza de pr\u00e9dios e a instala\u00e7\u00e3o de ar condicionado nas Escolas Municipais Alice Jorge da Silva, Jo\u00e3o Jos\u00e9 de Alc\u00e2ntara, Emiliano Pereira e S\u00f3ter Correia, respectivamente, nas comunidades de Cara\u00fabas, Distrito de Barreiras, Salgadinho e Campos.Foram investidos recursos na ordem de R$ 32.300,00 (Trinta e Dois Mil e Trezentos Reais) oriundos do Fundo Nacional de Desenvolvimento da Educa\u00e7\u00e3o \u2013 FNDE que possibilitar\u00e3o aos alunos dessas unidades melhor aproveitamento escolar ap\u00f3s a instala\u00e7\u00e3o dos mesmos.<\/p>\n\n\n\n<p> A secret\u00e1ria lembra ainda, que os mesmos n\u00e3o foram instalados, haja vista, que sua aquisi\u00e7\u00e3o se deu quando do ano escolar em atividade. Para n\u00e3o prejudicar as aulas e nem o andamento do calend\u00e1rio escolar resolvemos instalar no per\u00edodo de f\u00e9rias que acontece a partir do pr\u00f3ximo dia 20, afirmou ela.De acordo com o calend\u00e1rio escolar 2020, nos dias 4 e 5 de Fevereiro teremos a realiza\u00e7\u00e3o da tradicional jornada pedag\u00f3gica. <\/p>\n\n\n\n<p>O inicio das atividades do ano letivo 2020 se iniciar\u00e3o em 10 de Fevereiro de 2020.Contudo as matr\u00edculas para todos os alunos, ou seja, novatos e veteranos j\u00e1 est\u00e3o sendo realizadas pela secretaria da educa\u00e7\u00e3o do munic\u00edpio, no hor\u00e1rio comercial. Basta procurar uma das unidades de ensino ou a sede da Secretaria da Educa\u00e7\u00e3o que a equipe de profissionais j\u00e1 est\u00e1 realizando as matr\u00edculas.<\/p>\n\n\n\n<p>A secret\u00e1ria garantiu que haver\u00e1 a distribui\u00e7\u00e3o de material escolar e fardamento \u00e1 todos os alunos regularmente matriculados na rede municipal de ensino. Temos fardamento completo, novos equipamentos, material did\u00e1tico e corpo docente capacitado para proporcionar ensino de qualidade a toda oferta de alunos do mun\u00edcipio, concluiu ela.<br><\/p>\n\n\n\n<p>Fonte:\u00a0<strong>SEPLACOM<\/strong><\/p>\n\n\n\n<p>Foto:\u00a0<strong>Miguel Filho<\/strong><\/p>\n","protected":false},"excerpt":{"rendered":"<p>A Secret\u00e1ria da Educa\u00e7\u00e3o da Prefeitura Municipal de Cara\u00fabas, Rhayanne Sorayne Fernandes divulgou o calend\u00e1rio escolar 2020 com todo o Planejamento do setor educacional para&hellip; <\/p>\n","protected":false},"author":1,"featured_media":140377,"comment_status":"closed","ping_status":"closed","sticky":false,"template":"","format":"standard","meta":{"sfsi_plus_gutenberg_text_before_share":"","sfsi_plus_gutenberg_show_text_before_share":"","sfsi_plus_gutenberg_icon_type":"","sfsi_plus_gutenberg_icon_alignemt":"","sfsi_plus_gutenburg_max_per_row":"","footnotes":""},"categories":[14],"tags":[],"class_list":["post-140376","post","type-post","status-publish","format-standard","has-post-thumbnail","hentry","category-educacao"],"_links":{"self":[{"href":"https:\/\/www.caririemacao.com\/1\/wp-json\/wp\/v2\/posts\/140376","targetHints":{"allow":["GET"]}}],"collection":[{"href":"https:\/\/www.caririemacao.com\/1\/wp-json\/wp\/v2\/posts"}],"about":[{"href":"https:\/\/www.caririemacao.com\/1\/wp-json\/wp\/v2\/types\/post"}],"author":[{"embeddable":true,"href":"https:\/\/www.caririemacao.com\/1\/wp-json\/wp\/v2\/users\/1"}],"replies":[{"embeddable":true,"href":"https:\/\/www.caririemacao.com\/1\/wp-json\/wp\/v2\/comments?post=140376"}],"version-history":[{"count":1,"href":"https:\/\/www.caririemacao.com\/1\/wp-json\/wp\/v2\/posts\/140376\/revisions"}],"predecessor-version":[{"id":140378,"href":"https:\/\/www.caririemacao.com\/1\/wp-json\/wp\/v2\/posts\/140376\/revisions\/140378"}],"wp:featuredmedia":[{"embeddable":true,"href":"https:\/\/www.caririemacao.com\/1\/wp-json\/wp\/v2\/media\/140377"}],"wp:attachment":[{"href":"https:\/\/www.caririemacao.com\/1\/wp-json\/wp\/v2\/media?parent=140376"}],"wp:term":[{"taxonomy":"category","embeddable":true,"href":"https:\/\/www.caririemacao.com\/1\/wp-json\/wp\/v2\/categories?post=140376"},{"taxonomy":"post_tag","embeddable":true,"href":"https:\/\/www.caririemacao.com\/1\/wp-json\/wp\/v2\/tags?post=140376"}],"curies":[{"name":"wp","href":"https:\/\/api.w.org\/{rel}","templated":true}]}}