{"id":140379,"date":"2019-12-11T10:47:06","date_gmt":"2019-12-11T13:47:06","guid":{"rendered":"http:\/\/www.caririemacao.com\/1\/?p=140379"},"modified":"2019-12-11T12:21:29","modified_gmt":"2019-12-11T15:21:29","slug":"cpcon-divulga-resultado-final-do-concurso-publico-da-prefeitura-de-sume","status":"publish","type":"post","link":"https:\/\/www.caririemacao.com\/1\/2019\/12\/11\/cpcon-divulga-resultado-final-do-concurso-publico-da-prefeitura-de-sume\/","title":{"rendered":"CPCON divulga resultado final do Concurso P\u00fablico da Prefeitura de Sum\u00e9"},"content":{"rendered":"\n<p>A Comiss\u00e3o Permanente de Concurso P\u00fablico (CPCON) divulgou nesta ter\u00e7a-feira (10\/12), o resultado final do concurso p\u00fablico da Prefeitura de Sum\u00e9.&nbsp;As provas foram aplicadas no \u00faltimo dia 20 de outubro. O resultado preliminar da prova objetiva foi divulgado no dia 13 de novembro.<\/p>\n\n\n\n<p>Ao todo foram ofertadas 34 vagas em diversas \u00e1reas da administra\u00e7\u00e3o, sendo tr\u00eas delas direcionadas a pessoas portadoras de necessidades especiais. Os sal\u00e1rios variam entre R$ 1.056,85 e R$ 6.646,32. J\u00e1 est\u00e1 dispon\u00edvel tamb\u00e9m o resultado oficial para aqueles que fizeram provas de t\u00edtulo.<\/p>\n\n\n\n<p>O prefeito de Sum\u00e9, \u00c9den Duarte, informou que pretende iniciar algumas convoca\u00e7\u00f5es ainda este m\u00eas de dezembro.<\/p>\n\n\n\n<p>Confira o resultado final clicando no link:&nbsp;<strong><a href=\"https:\/\/cpcon.uepb.edu.br\/concursos\/2019_PM_SUME\/Atualizacao\/2019_pmsume_resultado_final_concurso_publico.pdf\" target=\"_blank\" rel=\"noreferrer noopener\">CONFIRA O RESULTADO<\/a><\/strong><\/p>\n\n\n\n<p><em>Ascom PMS \u2013 Imagem: H Mais&nbsp;<\/em><\/p>\n","protected":false},"excerpt":{"rendered":"<p>A Comiss\u00e3o Permanente de Concurso P\u00fablico (CPCON) divulgou nesta ter\u00e7a-feira (10\/12), o resultado final do concurso p\u00fablico da Prefeitura de Sum\u00e9.&nbsp;As provas foram aplicadas no&hellip; <\/p>\n","protected":false},"author":1,"featured_media":96472,"comment_status":"closed","ping_status":"closed","sticky":false,"template":"","format":"standard","meta":{"sfsi_plus_gutenberg_text_before_share":"","sfsi_plus_gutenberg_show_text_before_share":"","sfsi_plus_gutenberg_icon_type":"","sfsi_plus_gutenberg_icon_alignemt":"","sfsi_plus_gutenburg_max_per_row":"","footnotes":""},"categories":[50,2],"tags":[],"class_list":["post-140379","post","type-post","status-publish","format-standard","has-post-thumbnail","hentry","category-destaque","category-geral"],"_links":{"self":[{"href":"https:\/\/www.caririemacao.com\/1\/wp-json\/wp\/v2\/posts\/140379","targetHints":{"allow":["GET"]}}],"collection":[{"href":"https:\/\/www.caririemacao.com\/1\/wp-json\/wp\/v2\/posts"}],"about":[{"href":"https:\/\/www.caririemacao.com\/1\/wp-json\/wp\/v2\/types\/post"}],"author":[{"embeddable":true,"href":"https:\/\/www.caririemacao.com\/1\/wp-json\/wp\/v2\/users\/1"}],"replies":[{"embeddable":true,"href":"https:\/\/www.caririemacao.com\/1\/wp-json\/wp\/v2\/comments?post=140379"}],"version-history":[{"count":1,"href":"https:\/\/www.caririemacao.com\/1\/wp-json\/wp\/v2\/posts\/140379\/revisions"}],"predecessor-version":[{"id":140380,"href":"https:\/\/www.caririemacao.com\/1\/wp-json\/wp\/v2\/posts\/140379\/revisions\/140380"}],"wp:featuredmedia":[{"embeddable":true,"href":"https:\/\/www.caririemacao.com\/1\/wp-json\/wp\/v2\/media\/96472"}],"wp:attachment":[{"href":"https:\/\/www.caririemacao.com\/1\/wp-json\/wp\/v2\/media?parent=140379"}],"wp:term":[{"taxonomy":"category","embeddable":true,"href":"https:\/\/www.caririemacao.com\/1\/wp-json\/wp\/v2\/categories?post=140379"},{"taxonomy":"post_tag","embeddable":true,"href":"https:\/\/www.caririemacao.com\/1\/wp-json\/wp\/v2\/tags?post=140379"}],"curies":[{"name":"wp","href":"https:\/\/api.w.org\/{rel}","templated":true}]}}