{"id":140387,"date":"2019-12-11T12:06:17","date_gmt":"2019-12-11T15:06:17","guid":{"rendered":"http:\/\/www.caririemacao.com\/1\/?p=140387"},"modified":"2019-12-11T12:06:17","modified_gmt":"2019-12-11T15:06:17","slug":"em-2020-quem-tem-a-partir-de-55-anos-podera-tomar-vacina-contra-gripe","status":"publish","type":"post","link":"https:\/\/www.caririemacao.com\/1\/2019\/12\/11\/em-2020-quem-tem-a-partir-de-55-anos-podera-tomar-vacina-contra-gripe\/","title":{"rendered":"Em 2020, quem tem a partir de 55 anos poder\u00e1 tomar vacina contra gripe"},"content":{"rendered":"\n<p>Em 2020, a vacina contra a gripe estar\u00e1 dispon\u00edvel na rede p\u00fablica de sa\u00fade para quem tem a partir dos 55 anos. At\u00e9 agora, a imuniza\u00e7\u00e3o gratuita era para pessoas idosas com 60 anos ou mais, entre outros grupos priorit\u00e1rios. A campanha nacional contra o v\u00edrus influenza ser\u00e1 realizada de 13 de abril a 15 de maio.<\/p>\n\n\n\n<p>A vacina\u00e7\u00e3o contra a gripe come\u00e7ou no Brasil em 1999, destinada apenas a idosos. Por\u00e9m, ap\u00f3s uma pandemia em 2009, o SUS (Sistema \u00danico de Sa\u00fade) ampliou, de forma gradativa, o p\u00fablico-alvo da campanha.<\/p>\n\n\n\n<p>Atualmente, a imuniza\u00e7\u00e3o foca em grupos que incluem crian\u00e7as, adultos, gestantes, pessoas com doen\u00e7as cr\u00f4nicas, trabalhadores das \u00e1reas da sa\u00fade e educa\u00e7\u00e3o, e ind\u00edgenas.<\/p>\n\n\n\n<p>Com a redu\u00e7\u00e3o da faixa et\u00e1ria, o p\u00fablico-alvo representar\u00e1 aproximadamente 67,7 milh\u00f5es de pessoas.<\/p>\n\n\n\n<p>Outra novidade no calend\u00e1rio vacinal do Minist\u00e9rio da Sa\u00fade ser\u00e1 a amplia\u00e7\u00e3o gradativa da vacina\u00e7\u00e3o de rotina contra a febre amarela para todos os munic\u00edpios brasileiros.<\/p>\n\n\n\n<p>Tamb\u00e9m crian\u00e7as de quatro anos receber\u00e3o uma dose de refor\u00e7o contra a doen\u00e7a infecciosa febril aguda.<\/p>\n\n\n\n<p>Em 2017, a pasta seguiu as orienta\u00e7\u00f5es da OMS (Organiza\u00e7\u00e3o Mundial da Sa\u00fade) de ofertar apenas uma dose para febre amarela.<\/p>\n\n\n\n<p>No entanto, segundo o minist\u00e9rio, estudos cient\u00edficos recentes demonstraram uma diminui\u00e7\u00e3o nas respostas imunol\u00f3gicas da crian\u00e7a que \u00e9 vacinada muito cedo, aos 9 meses, como prev\u00ea o calend\u00e1rio nacional.<\/p>\n\n\n\n<p>Al\u00e9m das a\u00e7\u00f5es preventivas contra gripe e febre amarela, o minist\u00e9rio far\u00e1 duas campanhas de vacina\u00e7\u00e3o contra o sarampo para p\u00fablicos n\u00e3o contemplados neste ano.<br>Em fevereiro e mar\u00e7o, a campanha ser\u00e1 para crian\u00e7as e adolescentes de 5 a 19 anos, e, em agosto, para adultos de 30 a 59 anos. As datas ainda n\u00e3o foram divulgadas. Em setembro haver\u00e1 uma campanha contra a poliomielite e multivacina\u00e7\u00e3o para atualiza\u00e7\u00e3o da caderneta.<\/p>\n\n\n\n<p><strong>Campanhas de vacina\u00e7\u00e3o nacional para 2020<\/strong><\/p>\n\n\n\n<ul class=\"wp-block-list\"><li>Data: 13 de abril a 15 de maio de 2020<\/li><li>P\u00fablico-alvo:<\/li><li>Popula\u00e7\u00e3o entre 55 e 59 anos<\/li><li>Idosos com 60 anos ou mais<\/li><li>Crian\u00e7as de 6 meses a 5 anos de idade (5 anos, 11 meses e 29 dias)<\/li><li>Gestantes<\/li><li>Pu\u00e9rperas (at\u00e9 45 dias ap\u00f3s o parto)<\/li><li>Trabalhadores da sa\u00fade<\/li><li>Pessoas com doen\u00e7as cr\u00f4nicas<\/li><li>Professores de escolas p\u00fablica e privadas<\/li><li>Povos ind\u00edgenas&nbsp;<\/li><\/ul>\n\n\n\n<p><strong>Febre Amarela&nbsp;<\/strong><br><\/p>\n\n\n\n<ul class=\"wp-block-list\"><li>Estender\u00e1 para todos os munic\u00edpios brasileiros<\/li><li>Uma dose de refor\u00e7o da vacina para crian\u00e7as com 4 anos, mesmo que j\u00e1 tenha sido imunizada<\/li><\/ul>\n\n\n\n<ul class=\"wp-block-list\"><li>Mais duas campanha de imuniza\u00e7\u00e3o da doen\u00e7a para p\u00fablicos n\u00e3o contemplados neste ano<\/li><li>Fevereiro e mar\u00e7o<\/li><\/ul>\n\n\n\n<p>Para quem tem de 5 a 19 anos<\/p>\n\n\n\n<ul class=\"wp-block-list\"><li>Agosto&nbsp;<\/li><\/ul>\n\n\n\n<p>Para adultos de 30 a 59 anos<\/p>\n\n\n\n<p>Fonte: Minist\u00e9rio da Sa\u00fade<\/p>\n","protected":false},"excerpt":{"rendered":"<p>Em 2020, a vacina contra a gripe estar\u00e1 dispon\u00edvel na rede p\u00fablica de sa\u00fade para quem tem a partir dos 55 anos. At\u00e9 agora, a&hellip; <\/p>\n","protected":false},"author":1,"featured_media":131718,"comment_status":"closed","ping_status":"closed","sticky":false,"template":"","format":"standard","meta":{"sfsi_plus_gutenberg_text_before_share":"","sfsi_plus_gutenberg_show_text_before_share":"","sfsi_plus_gutenberg_icon_type":"","sfsi_plus_gutenberg_icon_alignemt":"","sfsi_plus_gutenburg_max_per_row":"","footnotes":""},"categories":[16],"tags":[],"class_list":["post-140387","post","type-post","status-publish","format-standard","has-post-thumbnail","hentry","category-saude"],"_links":{"self":[{"href":"https:\/\/www.caririemacao.com\/1\/wp-json\/wp\/v2\/posts\/140387","targetHints":{"allow":["GET"]}}],"collection":[{"href":"https:\/\/www.caririemacao.com\/1\/wp-json\/wp\/v2\/posts"}],"about":[{"href":"https:\/\/www.caririemacao.com\/1\/wp-json\/wp\/v2\/types\/post"}],"author":[{"embeddable":true,"href":"https:\/\/www.caririemacao.com\/1\/wp-json\/wp\/v2\/users\/1"}],"replies":[{"embeddable":true,"href":"https:\/\/www.caririemacao.com\/1\/wp-json\/wp\/v2\/comments?post=140387"}],"version-history":[{"count":1,"href":"https:\/\/www.caririemacao.com\/1\/wp-json\/wp\/v2\/posts\/140387\/revisions"}],"predecessor-version":[{"id":140388,"href":"https:\/\/www.caririemacao.com\/1\/wp-json\/wp\/v2\/posts\/140387\/revisions\/140388"}],"wp:featuredmedia":[{"embeddable":true,"href":"https:\/\/www.caririemacao.com\/1\/wp-json\/wp\/v2\/media\/131718"}],"wp:attachment":[{"href":"https:\/\/www.caririemacao.com\/1\/wp-json\/wp\/v2\/media?parent=140387"}],"wp:term":[{"taxonomy":"category","embeddable":true,"href":"https:\/\/www.caririemacao.com\/1\/wp-json\/wp\/v2\/categories?post=140387"},{"taxonomy":"post_tag","embeddable":true,"href":"https:\/\/www.caririemacao.com\/1\/wp-json\/wp\/v2\/tags?post=140387"}],"curies":[{"name":"wp","href":"https:\/\/api.w.org\/{rel}","templated":true}]}}