{"id":140393,"date":"2019-12-11T12:08:14","date_gmt":"2019-12-11T15:08:14","guid":{"rendered":"http:\/\/www.caririemacao.com\/1\/?p=140393"},"modified":"2019-12-11T12:08:14","modified_gmt":"2019-12-11T15:08:14","slug":"tse-cassa-mandato-de-senadora-eleita-no-ano-passado","status":"publish","type":"post","link":"https:\/\/www.caririemacao.com\/1\/2019\/12\/11\/tse-cassa-mandato-de-senadora-eleita-no-ano-passado\/","title":{"rendered":"TSE cassa mandato de senadora eleita no ano passado"},"content":{"rendered":"\n<p>Por 6 votos a 1, o Tribunal Superior Eleitoral (TSE) decidiu nessa ter\u00e7a-feira (10) cassar o mandato da senadora Selma Arruda (Podemos-MT) por abuso de poder econ\u00f4mico e caixa dois nas elei\u00e7\u00f5es do ano passado. Conhecida como Ju\u00edza Selma, a parlamentar aposentou-se da magistratura e concorreu ao cargo pelo PSL.<\/p>\n\n\n\n<p>Com a decis\u00e3o, novas elei\u00e7\u00f5es para o cargo dever\u00e3o ser convocadas pela Justi\u00e7a Eleitoral de Mato Grosso, cuja data ainda ser\u00e1 definida. A cassa\u00e7\u00e3o tamb\u00e9m atinge o primeiro e o segundo suplentes, Gilberto Possamai e Clerie Fabiana. A parlamentar pode recorrer ao Supremo Tribunal Federal (STF) para tentar suspender a cassa\u00e7\u00e3o.<\/p>\n\n\n\n<figure class=\"wp-block-image\"><img decoding=\"async\" data-src=\"https:\/\/paraibaonline.com.br\/wp-content\/uploads\/2019\/12\/selma-arruda1112.jpg\" alt=\"Marcelo Camargo\/Ag\u00eancia Brasil\" class=\"wp-image-824440 lazyload\" src=\"data:image\/svg+xml;base64,PHN2ZyB3aWR0aD0iMSIgaGVpZ2h0PSIxIiB4bWxucz0iaHR0cDovL3d3dy53My5vcmcvMjAwMC9zdmciPjwvc3ZnPg==\" \/><\/figure>\n\n\n\n<p>Foto: Marcelo Camargo\/Ag\u00eancia Brasil<\/p>\n\n\n\n<p>Em abril, o Tribunal Regional Eleitoral (TRE) do Mato Grosso&nbsp;cassou o mandato da senadora&nbsp;pela suposta omiss\u00e3o de R$ 1,2 milh\u00e3o na presta\u00e7\u00e3o de contas da campanha do ano passado. Por\u00e9m, Selma Arruda e seus suplentes recorreram ao TSE.<\/p>\n\n\n\n<p>Ao iniciar o julgamento do recurso da parlamentar, o relator, ministro Og Fernandes, votou pela cassa\u00e7\u00e3o da chapa por entender que houve diversas irregularidades na campanha, como recebimentos e despesas \u201cpor dentro e por fora\u201d que n\u00e3o constaram na contabilidade, al\u00e9m de propaganda e gastos fora do per\u00edodo eleitoral.<\/p>\n\n\n\n<p>Na sess\u00e3o de ontem, o ministro Lu\u00eds Felipe Salom\u00e3o acompanhou o relator e disse que as provas que constam no processo mostram que mais de 70% dos recursos da campanha n\u00e3o tiveram escritura\u00e7\u00e3o cont\u00e1bil, obrigat\u00f3ria por lei. Para o ministro, a irregularidade, desequilibrou a disputa com os concorrentes. \u201cS\u00e3o fatos gravosos, entre tantos que foram anexados aos autos\u201d, disse o ministro.<\/p>\n\n\n\n<p>Em seguida, os ministros Tarc\u00edsio Vieira, Sergio Banhos, Lu\u00eds Roberto Barroso, e a presidente, Rosa Weber, tamb\u00e9m votaram pela cassa\u00e7\u00e3o.<\/p>\n\n\n\n<p>Em seu voto, Barroso disse que h\u00e1 \u201cmuitos interesses\u201d na perda do mandato da ex-ju\u00edza, mas n\u00e3o s\u00e3o esses interesses que est\u00e3o sendo julgados pelo TSE.&nbsp;\u201c\u00c9 imposs\u00edvel negar que esses fatos [irregularidades]&nbsp;contrariam a legisla\u00e7\u00e3o e contrariam a jurisprud\u00eancia, caracterizando abuso de poder econ\u00f4mico\u201d, disse.<\/p>\n\n\n\n<p>Edson Fachin divergiu da maioria e entendeu que as irregularidades n\u00e3o s\u00e3o suficientes para autorizar a cassa\u00e7\u00e3o.<\/p>\n\n\n\n<p>No primeiro dia de julgamento, o advogado Gustavo Bonini Guedes, representante da senadora, afirmou que a parlamentar n\u00e3o praticou caixa dois e abuso de poder econ\u00f4mico.<\/p>\n\n\n\n<p>\u201cA senadora Selma Arruda foi eleita com base nas plataformas de combate \u00e0 corrup\u00e7\u00e3o, que sempre defendeu como ju\u00edza no Mato Grosso, determinando a pris\u00e3o de presidente da Assembleia Legislativa e ex-governador\u201d, disse a defesa.<br><\/p>\n","protected":false},"excerpt":{"rendered":"<p>Por 6 votos a 1, o Tribunal Superior Eleitoral (TSE) decidiu nessa ter\u00e7a-feira (10) cassar o mandato da senadora Selma Arruda (Podemos-MT) por abuso de&hellip; <\/p>\n","protected":false},"author":1,"featured_media":30457,"comment_status":"closed","ping_status":"closed","sticky":false,"template":"","format":"standard","meta":{"sfsi_plus_gutenberg_text_before_share":"","sfsi_plus_gutenberg_show_text_before_share":"","sfsi_plus_gutenberg_icon_type":"","sfsi_plus_gutenberg_icon_alignemt":"","sfsi_plus_gutenburg_max_per_row":"","footnotes":""},"categories":[11],"tags":[],"class_list":["post-140393","post","type-post","status-publish","format-standard","has-post-thumbnail","hentry","category-politica"],"_links":{"self":[{"href":"https:\/\/www.caririemacao.com\/1\/wp-json\/wp\/v2\/posts\/140393","targetHints":{"allow":["GET"]}}],"collection":[{"href":"https:\/\/www.caririemacao.com\/1\/wp-json\/wp\/v2\/posts"}],"about":[{"href":"https:\/\/www.caririemacao.com\/1\/wp-json\/wp\/v2\/types\/post"}],"author":[{"embeddable":true,"href":"https:\/\/www.caririemacao.com\/1\/wp-json\/wp\/v2\/users\/1"}],"replies":[{"embeddable":true,"href":"https:\/\/www.caririemacao.com\/1\/wp-json\/wp\/v2\/comments?post=140393"}],"version-history":[{"count":1,"href":"https:\/\/www.caririemacao.com\/1\/wp-json\/wp\/v2\/posts\/140393\/revisions"}],"predecessor-version":[{"id":140394,"href":"https:\/\/www.caririemacao.com\/1\/wp-json\/wp\/v2\/posts\/140393\/revisions\/140394"}],"wp:featuredmedia":[{"embeddable":true,"href":"https:\/\/www.caririemacao.com\/1\/wp-json\/wp\/v2\/media\/30457"}],"wp:attachment":[{"href":"https:\/\/www.caririemacao.com\/1\/wp-json\/wp\/v2\/media?parent=140393"}],"wp:term":[{"taxonomy":"category","embeddable":true,"href":"https:\/\/www.caririemacao.com\/1\/wp-json\/wp\/v2\/categories?post=140393"},{"taxonomy":"post_tag","embeddable":true,"href":"https:\/\/www.caririemacao.com\/1\/wp-json\/wp\/v2\/tags?post=140393"}],"curies":[{"name":"wp","href":"https:\/\/api.w.org\/{rel}","templated":true}]}}