{"id":140396,"date":"2019-12-11T12:08:54","date_gmt":"2019-12-11T15:08:54","guid":{"rendered":"http:\/\/www.caririemacao.com\/1\/?p=140396"},"modified":"2019-12-11T12:08:54","modified_gmt":"2019-12-11T15:08:54","slug":"congresso-mantem-proibicao-de-pagamento-de-multas-com-fundo-eleitoral","status":"publish","type":"post","link":"https:\/\/www.caririemacao.com\/1\/2019\/12\/11\/congresso-mantem-proibicao-de-pagamento-de-multas-com-fundo-eleitoral\/","title":{"rendered":"Congresso mant\u00e9m proibi\u00e7\u00e3o de pagamento de multas com fundo eleitoral"},"content":{"rendered":"\n<p>O Congresso Nacional manteve mais um veto presidencial da chamada minirreforma eleitoral. Com isso, a verba do Fundo Eleitoral n\u00e3o poder\u00e1 ser usada para pagamento de multas eleitorais.<\/p>\n\n\n\n<p>O veto foi mantido em sess\u00e3o do Congresso realizada na tarde desta ter\u00e7a-feira (10). O veto foi mantido pelos deputados e sequer precisou ser votado pelos senadores.<\/p>\n\n\n\n<p>Na vota\u00e7\u00e3o, 223 deputados decidiram pela derrubada do veto contra 193. Eram necess\u00e1rios, por\u00e9m, 257 votos para derrub\u00e1-lo. Al\u00e9m da quest\u00e3o relativa \u00e0 multa, o veto mantido impede mudan\u00e7as nos crit\u00e9rios de elegibilidade dos candidatos.<\/p>\n\n\n\n<p>Na proposta vetada, o candidato s\u00f3 seria considerado ineleg\u00edvel at\u00e9 o momento do registro da candidatura. Se n\u00e3o tivesse nenhum processo at\u00e9 o momento do registro da candidatura, ele poderia se eleger sem restri\u00e7\u00f5es legais. Os deputados, no entanto, impediram a mudan\u00e7a.<\/p>\n\n\n\n<p>A sess\u00e3o de hoje do Congresso retomou a vota\u00e7\u00e3o dos vetos presidenciais envolvendo altera\u00e7\u00f5es nas regras eleitorais. Na sess\u00e3o anterior, h\u00e1 uma semana, os parlamentares mantiveram o veto \u00e0 recria\u00e7\u00e3o da propaganda partid\u00e1ria semestral na televis\u00e3o e no r\u00e1dio.<\/p>\n","protected":false},"excerpt":{"rendered":"<p>O Congresso Nacional manteve mais um veto presidencial da chamada minirreforma eleitoral. Com isso, a verba do Fundo Eleitoral n\u00e3o poder\u00e1 ser usada para pagamento&hellip; <\/p>\n","protected":false},"author":1,"featured_media":72838,"comment_status":"closed","ping_status":"closed","sticky":false,"template":"","format":"standard","meta":{"sfsi_plus_gutenberg_text_before_share":"","sfsi_plus_gutenberg_show_text_before_share":"","sfsi_plus_gutenberg_icon_type":"","sfsi_plus_gutenberg_icon_alignemt":"","sfsi_plus_gutenburg_max_per_row":"","footnotes":""},"categories":[11],"tags":[],"class_list":["post-140396","post","type-post","status-publish","format-standard","has-post-thumbnail","hentry","category-politica"],"_links":{"self":[{"href":"https:\/\/www.caririemacao.com\/1\/wp-json\/wp\/v2\/posts\/140396","targetHints":{"allow":["GET"]}}],"collection":[{"href":"https:\/\/www.caririemacao.com\/1\/wp-json\/wp\/v2\/posts"}],"about":[{"href":"https:\/\/www.caririemacao.com\/1\/wp-json\/wp\/v2\/types\/post"}],"author":[{"embeddable":true,"href":"https:\/\/www.caririemacao.com\/1\/wp-json\/wp\/v2\/users\/1"}],"replies":[{"embeddable":true,"href":"https:\/\/www.caririemacao.com\/1\/wp-json\/wp\/v2\/comments?post=140396"}],"version-history":[{"count":1,"href":"https:\/\/www.caririemacao.com\/1\/wp-json\/wp\/v2\/posts\/140396\/revisions"}],"predecessor-version":[{"id":140397,"href":"https:\/\/www.caririemacao.com\/1\/wp-json\/wp\/v2\/posts\/140396\/revisions\/140397"}],"wp:featuredmedia":[{"embeddable":true,"href":"https:\/\/www.caririemacao.com\/1\/wp-json\/wp\/v2\/media\/72838"}],"wp:attachment":[{"href":"https:\/\/www.caririemacao.com\/1\/wp-json\/wp\/v2\/media?parent=140396"}],"wp:term":[{"taxonomy":"category","embeddable":true,"href":"https:\/\/www.caririemacao.com\/1\/wp-json\/wp\/v2\/categories?post=140396"},{"taxonomy":"post_tag","embeddable":true,"href":"https:\/\/www.caririemacao.com\/1\/wp-json\/wp\/v2\/tags?post=140396"}],"curies":[{"name":"wp","href":"https:\/\/api.w.org\/{rel}","templated":true}]}}