{"id":140398,"date":"2019-12-11T12:09:46","date_gmt":"2019-12-11T15:09:46","guid":{"rendered":"http:\/\/www.caririemacao.com\/1\/?p=140398"},"modified":"2019-12-11T12:09:46","modified_gmt":"2019-12-11T15:09:46","slug":"homem-e-preso-na-pb-por-feminicidio-e-policia-descobre-fabrica-clandestina-de-agua-mineral-em-sua-casa","status":"publish","type":"post","link":"https:\/\/www.caririemacao.com\/1\/2019\/12\/11\/homem-e-preso-na-pb-por-feminicidio-e-policia-descobre-fabrica-clandestina-de-agua-mineral-em-sua-casa\/","title":{"rendered":"Homem \u00e9 preso na PB por feminic\u00eddio e pol\u00edcia descobre f\u00e1brica clandestina de \u00e1gua mineral em sua casa"},"content":{"rendered":"\n<p>Um homem foi preso pela Pol\u00edcia Civil em S\u00e3o Bento, na manh\u00e3 desta quarta-feira (11) suspeito de ter assassinado&nbsp;a ex-namorada com um tiro na cabe\u00e7a. Ao chegar em sua resid\u00eancia a Pol\u00edcia ainda descobriu uma f\u00e1brica clandestina de \u00e1gua mineral com botij\u00f5es e lacres falsificados.<\/p>\n\n\n\n<p>Segundo informa\u00e7\u00f5es do delegado Sylvio Rabelo, da 18\u00aa Delegacia Seccional de Pol\u00edcia Civil (DSPC), as equipes da Policia Civil agiram r\u00e1pido e prenderam o suspeito conhecido por Tarc\u00edsio do Leite, ex namorado da v\u00edtima.<\/p>\n\n\n\n<p>\u201cA v\u00edtima, Francivalda Lopes, ainda foi socorrida para o hospital local, mas n\u00e3o resistiu aos ferimentos e veio a falecer\u201d, disse.<\/p>\n\n\n\n<p>Ainda segundo o delegado, durante a opera\u00e7\u00e3o da Pol\u00edcia Civil foi descoberto no interior da casa do suspeito uma f\u00e1brica clandestina de \u00e1gua mineral, com falsifica\u00e7\u00e3o de lacres , selos e outros objetos.&nbsp;\u201cO mesmo de imediato foi autuado em flagrante por falsificar, corromper, adulterar produto destinado a consumo, inclusive fabricando e expondo \u00e0 venda, al\u00e9m de outros crimes contra ordem econ\u00f4mica e tribut\u00e1ria\u201d, esclareceu.<\/p>\n\n\n\n<p>\u201cAl\u00e9m de crime contra a ordem tribut\u00e1ria, recai sobre o suspeito um crime muito mais grave: o de feminic\u00eddio, tendo em vista que ap\u00f3s o t\u00e9rmino do relacionamento andava inconformado e amea\u00e7ando a v\u00edtima Francivalda Lopes, chegando a cometer o crime\u201d, concluiu.<\/p>\n\n\n\n<p><em>Com Click PB<\/em><\/p>\n","protected":false},"excerpt":{"rendered":"<p>Um homem foi preso pela Pol\u00edcia Civil em S\u00e3o Bento, na manh\u00e3 desta quarta-feira (11) suspeito de ter assassinado&nbsp;a ex-namorada com um tiro na cabe\u00e7a.&hellip; <\/p>\n","protected":false},"author":1,"featured_media":140399,"comment_status":"closed","ping_status":"closed","sticky":false,"template":"","format":"standard","meta":{"sfsi_plus_gutenberg_text_before_share":"","sfsi_plus_gutenberg_show_text_before_share":"","sfsi_plus_gutenberg_icon_type":"","sfsi_plus_gutenberg_icon_alignemt":"","sfsi_plus_gutenburg_max_per_row":"","footnotes":""},"categories":[12],"tags":[],"class_list":["post-140398","post","type-post","status-publish","format-standard","has-post-thumbnail","hentry","category-policia"],"_links":{"self":[{"href":"https:\/\/www.caririemacao.com\/1\/wp-json\/wp\/v2\/posts\/140398","targetHints":{"allow":["GET"]}}],"collection":[{"href":"https:\/\/www.caririemacao.com\/1\/wp-json\/wp\/v2\/posts"}],"about":[{"href":"https:\/\/www.caririemacao.com\/1\/wp-json\/wp\/v2\/types\/post"}],"author":[{"embeddable":true,"href":"https:\/\/www.caririemacao.com\/1\/wp-json\/wp\/v2\/users\/1"}],"replies":[{"embeddable":true,"href":"https:\/\/www.caririemacao.com\/1\/wp-json\/wp\/v2\/comments?post=140398"}],"version-history":[{"count":1,"href":"https:\/\/www.caririemacao.com\/1\/wp-json\/wp\/v2\/posts\/140398\/revisions"}],"predecessor-version":[{"id":140400,"href":"https:\/\/www.caririemacao.com\/1\/wp-json\/wp\/v2\/posts\/140398\/revisions\/140400"}],"wp:featuredmedia":[{"embeddable":true,"href":"https:\/\/www.caririemacao.com\/1\/wp-json\/wp\/v2\/media\/140399"}],"wp:attachment":[{"href":"https:\/\/www.caririemacao.com\/1\/wp-json\/wp\/v2\/media?parent=140398"}],"wp:term":[{"taxonomy":"category","embeddable":true,"href":"https:\/\/www.caririemacao.com\/1\/wp-json\/wp\/v2\/categories?post=140398"},{"taxonomy":"post_tag","embeddable":true,"href":"https:\/\/www.caririemacao.com\/1\/wp-json\/wp\/v2\/tags?post=140398"}],"curies":[{"name":"wp","href":"https:\/\/api.w.org\/{rel}","templated":true}]}}