{"id":140401,"date":"2019-12-11T12:12:45","date_gmt":"2019-12-11T15:12:45","guid":{"rendered":"http:\/\/www.caririemacao.com\/1\/?p=140401"},"modified":"2019-12-11T12:12:45","modified_gmt":"2019-12-11T15:12:45","slug":"grupo-de-joao-azevedo-criara-conselho-politico-em-janeiro-para-discutir-eleicoes-municipais-em-2020","status":"publish","type":"post","link":"https:\/\/www.caririemacao.com\/1\/2019\/12\/11\/grupo-de-joao-azevedo-criara-conselho-politico-em-janeiro-para-discutir-eleicoes-municipais-em-2020\/","title":{"rendered":"Grupo de Jo\u00e3o Azev\u00eado criar\u00e1 Conselho Pol\u00edtico em janeiro para discutir elei\u00e7\u00f5es municipais, em 2020"},"content":{"rendered":"\n<p>O governador Jo\u00e3o Azev\u00eado (sem partido) n\u00e3o dever\u00e1 ficar omisso ao pleito de 2020 como muitos imaginavam, diante do recente racha com o PSB paraibano. Um Conselho Pol\u00edtico ser\u00e1 formado no m\u00eas de janeiro, e ter\u00e1 o chefe do executivo como comandante, a partir de janeiro, justamente para iniciar as discuss\u00f5es sobre as elei\u00e7\u00f5es 2020 nos 223 munic\u00edpios do Estado.<\/p>\n\n\n\n<p>Segundo Jo\u00e3o, o objetivo \u00e9 fazer com que o partido a que ele se filiar\u00e1 participe de chapa majorit\u00e1ria nas principais cidades, e tamb\u00e9m oportunize condi\u00e7\u00f5es para que as agremia\u00e7\u00f5es que fizerem parte do arco de alian\u00e7as tamb\u00e9m sejam contempladas, j\u00e1 que uma \u00fanica agremia\u00e7\u00e3o n\u00e3o poder\u00e1 estar encabe\u00e7ando ou participando das chapas em todas as cidades.<\/p>\n\n\n\n<p>\u201cA pol\u00edtica \u00e9 exatamente isso. \u00c9 sentar, conversar, encontrar caminhos. Quando digo que vamos ter uma representa\u00e7\u00e3o importante na maioria dos munic\u00edpios, \u00e9 em busca de ou apresentar um candidato no partido que n\u00f3s tivermos fazendo parte ou fazendo alian\u00e7as. Todos sabem que nenhum partido lan\u00e7ar\u00e1 candidato em 223 munic\u00edpios. Voc\u00ea ter\u00e1 condi\u00e7\u00f5es de analisar e isso tudo ser\u00e1 fruto, a partir de janeiro, daquilo que n\u00f3s vamos criar que \u00e9 o Conselho Pol\u00edtico para discutir as elei\u00e7\u00f5es de 2020\u201d, falou.<\/p>\n\n\n\n<p>Indagado sobre a possibilidade de fazer uma alian\u00e7a com o prefeito de Jo\u00e3o Pessoa, Luciano Cartaxo (PV), de quem foi advers\u00e1rio nos pleitos de 2016 e 2018, Jo\u00e3o foi direto ao admitir a parceria se houver viabilidade.<\/p>\n\n\n\n<p>\u201cEu n\u00e3o descarto absolutamente nada. Em pol\u00edtica a gente tem que sentar para discutir e encontrar caminhos. Se for vi\u00e1vel, tudo bem, se n\u00e3o, cada um segue seu caminho\u201d, arrematou.<\/p>\n\n\n\n<p><em>Com PB Agora<\/em><\/p>\n","protected":false},"excerpt":{"rendered":"<p>O governador Jo\u00e3o Azev\u00eado (sem partido) n\u00e3o dever\u00e1 ficar omisso ao pleito de 2020 como muitos imaginavam, diante do recente racha com o PSB paraibano.&hellip; <\/p>\n","protected":false},"author":1,"featured_media":79312,"comment_status":"closed","ping_status":"closed","sticky":false,"template":"","format":"standard","meta":{"sfsi_plus_gutenberg_text_before_share":"","sfsi_plus_gutenberg_show_text_before_share":"","sfsi_plus_gutenberg_icon_type":"","sfsi_plus_gutenberg_icon_alignemt":"","sfsi_plus_gutenburg_max_per_row":"","footnotes":""},"categories":[11],"tags":[],"class_list":["post-140401","post","type-post","status-publish","format-standard","has-post-thumbnail","hentry","category-politica"],"_links":{"self":[{"href":"https:\/\/www.caririemacao.com\/1\/wp-json\/wp\/v2\/posts\/140401","targetHints":{"allow":["GET"]}}],"collection":[{"href":"https:\/\/www.caririemacao.com\/1\/wp-json\/wp\/v2\/posts"}],"about":[{"href":"https:\/\/www.caririemacao.com\/1\/wp-json\/wp\/v2\/types\/post"}],"author":[{"embeddable":true,"href":"https:\/\/www.caririemacao.com\/1\/wp-json\/wp\/v2\/users\/1"}],"replies":[{"embeddable":true,"href":"https:\/\/www.caririemacao.com\/1\/wp-json\/wp\/v2\/comments?post=140401"}],"version-history":[{"count":1,"href":"https:\/\/www.caririemacao.com\/1\/wp-json\/wp\/v2\/posts\/140401\/revisions"}],"predecessor-version":[{"id":140402,"href":"https:\/\/www.caririemacao.com\/1\/wp-json\/wp\/v2\/posts\/140401\/revisions\/140402"}],"wp:featuredmedia":[{"embeddable":true,"href":"https:\/\/www.caririemacao.com\/1\/wp-json\/wp\/v2\/media\/79312"}],"wp:attachment":[{"href":"https:\/\/www.caririemacao.com\/1\/wp-json\/wp\/v2\/media?parent=140401"}],"wp:term":[{"taxonomy":"category","embeddable":true,"href":"https:\/\/www.caririemacao.com\/1\/wp-json\/wp\/v2\/categories?post=140401"},{"taxonomy":"post_tag","embeddable":true,"href":"https:\/\/www.caririemacao.com\/1\/wp-json\/wp\/v2\/tags?post=140401"}],"curies":[{"name":"wp","href":"https:\/\/api.w.org\/{rel}","templated":true}]}}