{"id":140403,"date":"2019-12-11T12:14:29","date_gmt":"2019-12-11T15:14:29","guid":{"rendered":"http:\/\/www.caririemacao.com\/1\/?p=140403"},"modified":"2019-12-11T12:14:29","modified_gmt":"2019-12-11T15:14:29","slug":"terceiro-tecendo-redes-debate-violencia-contra-a-mulher-em-sume","status":"publish","type":"post","link":"https:\/\/www.caririemacao.com\/1\/2019\/12\/11\/terceiro-tecendo-redes-debate-violencia-contra-a-mulher-em-sume\/","title":{"rendered":"Terceiro Tecendo Redes debate viol\u00eancia contra a mulher em Sum\u00e9"},"content":{"rendered":"\n<p>A Campanha dos \u201c16 Dias de Ativismo pelo Fim de Viol\u00eancia Contra as Mulheres\u201d realizada pela Prefeitura de Sum\u00e9, Creas, Centro de Refer\u00eancia Intermunicipal de Atendimento \u00e0s Mulheres do Cariri (CRIAMC) e C\u00e2mara de Vereadores foi encerrada nesta quarta-feira (10) com o III Tecendo Redes, evento que discute e trata estrat\u00e9gias que garantam os direitos para as mulheres do Cariri, tendo como palestrante a advogada do Creas Regional de Camala\u00fa, Ayanne Torres Costa.<\/p>\n\n\n\n<p>A secret\u00e1ria de Assist\u00eancia Social, Tanniery L\u00eala, abriu o evento agradecendo o apoio da C\u00e2mara de Vereadores, que teve como representante o presidente do Legislativo, Le\u00f4nidas Albino (Bomba), e tamb\u00e9m agradeceu ao p\u00fablico presente. \u201cA gente vem desde 2017 nessa luta, abra\u00e7ando essa causa, inicialmente criamos o Departamento da Mulher e atrav\u00e9s do Cisco com o Governo do Estado, Sum\u00e9 recebeu o CRIAMC\u201d, declarou.<\/p>\n\n\n\n<div class=\"wp-block-image\"><figure class=\"alignright\"><a href=\"http:\/\/www.sume.pb.gov.br\/wp-content\/uploads\/2019\/12\/DSC_0279-1.jpg\"><img decoding=\"async\" data-src=\"http:\/\/www.sume.pb.gov.br\/wp-content\/uploads\/2019\/12\/DSC_0279-1-300x199.jpg\" alt=\"\" class=\"wp-image-9238 lazyload\" src=\"data:image\/svg+xml;base64,PHN2ZyB3aWR0aD0iMSIgaGVpZ2h0PSIxIiB4bWxucz0iaHR0cDovL3d3dy53My5vcmcvMjAwMC9zdmciPjwvc3ZnPg==\" style=\"--smush-placeholder-width: 300px; --smush-placeholder-aspect-ratio: 300\/199;\" \/><\/a><\/figure><\/div>\n\n\n\n<p><\/p>\n\n\n\n<p><\/p>\n\n\n\n<p><\/p>\n\n\n\n<p>A advogada do Creas Regional, Ayanne Torres, informou que o munic\u00edpio de Sum\u00e9 \u00e9 refer\u00eancia no Cariri no debate e cria\u00e7\u00e3o de estrat\u00e9gias de viol\u00eancia contra a mulher. Ela declarou que Sum\u00e9 tem fortalecido as pol\u00edticas de garantia de direitos da mulher.\u00a0<\/p>\n\n\n\n<p>Al\u00e9m da implanta\u00e7\u00e3o do Departamento da Mulher, o prefeito \u00c9den Duarte sancionou neste m\u00eas de novembro, ap\u00f3s aprova\u00e7\u00e3o do Legislativo, a Lei que cria o Conselho Municipal dos Direitos da Mulher. O conselho \u00e9 composto por seis membros titulares e seus respectivos suplentes com a fun\u00e7\u00e3o de fiscalizar, formular e controlar a\u00e7\u00f5es pertinentes ao direito da mulher. Ele est\u00e1 integrado ao N\u00edvel de Aconselhamento da Estrutura Organizacional da Secretaria de Assist\u00eancia Social.<\/p>\n\n\n\n<div class=\"wp-block-image\"><figure class=\"alignleft\"><a href=\"http:\/\/www.sume.pb.gov.br\/wp-content\/uploads\/2019\/12\/DSC_0250-1.jpg\"><img decoding=\"async\" data-src=\"http:\/\/www.sume.pb.gov.br\/wp-content\/uploads\/2019\/12\/DSC_0250-1-300x199.jpg\" alt=\"\" class=\"wp-image-9239 lazyload\" src=\"data:image\/svg+xml;base64,PHN2ZyB3aWR0aD0iMSIgaGVpZ2h0PSIxIiB4bWxucz0iaHR0cDovL3d3dy53My5vcmcvMjAwMC9zdmciPjwvc3ZnPg==\" style=\"--smush-placeholder-width: 300px; --smush-placeholder-aspect-ratio: 300\/199;\" \/><\/a><\/figure><\/div>\n\n\n\n<p><\/p>\n\n\n\n<p><\/p>\n\n\n\n<p>No \u00faltimo m\u00eas de agosto, o Poder Executivo tamb\u00e9m sancionou a Lei que denomina o dia 4 de maio, como o \u201cDia de conscientiza\u00e7\u00e3o municipal de combate \u00e0 viol\u00eancia dom\u00e9stica e sexual contra a mulher\u201d. O Projeto \u00e9 de autoria da vereadora, Br\u00edgida Xavier.<\/p>\n\n\n\n<p>A Campanha do Ativismo mobilizou os \u00f3rg\u00e3os p\u00fablicos e a sociedade civil para dialogar e compartilhar conhecimentos de forma a prevenir e eliminar a viol\u00eancia contra mulheres. Palestras, rodas de conversa, emiss\u00e3o de documentos foram algumas das a\u00e7\u00f5es realizadas neste per\u00edodo.<\/p>\n\n\n\n<p>Ascom PMS<\/p>\n","protected":false},"excerpt":{"rendered":"<p>A Campanha dos \u201c16 Dias de Ativismo pelo Fim de Viol\u00eancia Contra as Mulheres\u201d realizada pela Prefeitura de Sum\u00e9, Creas, Centro de Refer\u00eancia Intermunicipal de&hellip; <\/p>\n","protected":false},"author":1,"featured_media":140404,"comment_status":"closed","ping_status":"closed","sticky":false,"template":"","format":"standard","meta":{"sfsi_plus_gutenberg_text_before_share":"","sfsi_plus_gutenberg_show_text_before_share":"","sfsi_plus_gutenberg_icon_type":"","sfsi_plus_gutenberg_icon_alignemt":"","sfsi_plus_gutenburg_max_per_row":"","footnotes":""},"categories":[6],"tags":[],"class_list":["post-140403","post","type-post","status-publish","format-standard","has-post-thumbnail","hentry","category-cidades"],"_links":{"self":[{"href":"https:\/\/www.caririemacao.com\/1\/wp-json\/wp\/v2\/posts\/140403","targetHints":{"allow":["GET"]}}],"collection":[{"href":"https:\/\/www.caririemacao.com\/1\/wp-json\/wp\/v2\/posts"}],"about":[{"href":"https:\/\/www.caririemacao.com\/1\/wp-json\/wp\/v2\/types\/post"}],"author":[{"embeddable":true,"href":"https:\/\/www.caririemacao.com\/1\/wp-json\/wp\/v2\/users\/1"}],"replies":[{"embeddable":true,"href":"https:\/\/www.caririemacao.com\/1\/wp-json\/wp\/v2\/comments?post=140403"}],"version-history":[{"count":1,"href":"https:\/\/www.caririemacao.com\/1\/wp-json\/wp\/v2\/posts\/140403\/revisions"}],"predecessor-version":[{"id":140405,"href":"https:\/\/www.caririemacao.com\/1\/wp-json\/wp\/v2\/posts\/140403\/revisions\/140405"}],"wp:featuredmedia":[{"embeddable":true,"href":"https:\/\/www.caririemacao.com\/1\/wp-json\/wp\/v2\/media\/140404"}],"wp:attachment":[{"href":"https:\/\/www.caririemacao.com\/1\/wp-json\/wp\/v2\/media?parent=140403"}],"wp:term":[{"taxonomy":"category","embeddable":true,"href":"https:\/\/www.caririemacao.com\/1\/wp-json\/wp\/v2\/categories?post=140403"},{"taxonomy":"post_tag","embeddable":true,"href":"https:\/\/www.caririemacao.com\/1\/wp-json\/wp\/v2\/tags?post=140403"}],"curies":[{"name":"wp","href":"https:\/\/api.w.org\/{rel}","templated":true}]}}