{"id":140409,"date":"2019-12-11T12:17:49","date_gmt":"2019-12-11T15:17:49","guid":{"rendered":"http:\/\/www.caririemacao.com\/1\/?p=140409"},"modified":"2019-12-11T12:17:49","modified_gmt":"2019-12-11T15:17:49","slug":"nascidos-em-dezembro-poderao-sacar-abono-salarial-a-partir-desta-quinta-feira","status":"publish","type":"post","link":"https:\/\/www.caririemacao.com\/1\/2019\/12\/11\/nascidos-em-dezembro-poderao-sacar-abono-salarial-a-partir-desta-quinta-feira\/","title":{"rendered":"Nascidos em dezembro poder\u00e3o sacar abono salarial a partir desta quinta-feira"},"content":{"rendered":"\n<p>Os trabalhadores nascidos em dezembro, e que recebem at\u00e9 dois sal\u00e1rios m\u00ednimos de renda, poder\u00e3o pegar o benef\u00edcio do abono salarial a partir desta quinta-feira (12).<\/p>\n\n\n\n<p>A Caixa Econ\u00f4mica Federal vai liberar os recursos para quem trabalhou ao menos 30 dias, no ano base 2018.<\/p>\n\n\n\n<p>O valor do abono varia de acordo com o tempo trabalhado com carteira assinada no ano passado, indo de R$84, para quem ficou apenas um m\u00eas empregado, at\u00e9 um sal\u00e1rio m\u00ednimo, que est\u00e1 ainda em R$998, para quem ficou todo o ano de 2018 empregado.<\/p>\n\n\n\n<p>O trabalhador pode consultar o valor que tem direito no aplicativo da Caixa ou no site do banco.<\/p>\n\n\n\n<p>Quem tem conta individual na Caixa com cadastro atualizado e movimenta\u00e7\u00e3o na conta j\u00e1 recebeu o valor por cr\u00e9dito autom\u00e1tico.<\/p>\n\n\n\n<p>S\u00e3o mais de 1,8 milh\u00e3o&nbsp; trabalhadores nascidos em dezembro que t\u00eam direito ao abono, totalizando R$1,3 bilh\u00e3o.<\/p>\n\n\n\n<p>Quem nasceu entre janeiro e junho deve receber o abono nos pr\u00f3ximos meses. O prazo final para os saques \u00e9 o dia 30 de junho de 2020.<\/p>\n\n\n\n<p>Para ter direito ao benef\u00edcio, a pessoa ainda tem que estar inscrita no PIS h\u00e1 pelo menos 5 anos.<\/p>\n\n\n\n<p>Quem tem o Cart\u00e3o do Cidad\u00e3o e senha cadastrada pode retirar o dinheiro em qualquer lot\u00e9rica ou ponto de atendimento Caixa.<\/p>\n\n\n\n<p>Quem n\u00e3o tiver, precisa ir \u00e0 uma ag\u00eancia da Caixa com documento oficial com foto. Quem trabalha em empresa p\u00fablica e possui inscri\u00e7\u00e3o PASEP recebe o pagamento pelo Banco do Brasil.<\/p>\n","protected":false},"excerpt":{"rendered":"<p>Os trabalhadores nascidos em dezembro, e que recebem at\u00e9 dois sal\u00e1rios m\u00ednimos de renda, poder\u00e3o pegar o benef\u00edcio do abono salarial a partir desta quinta-feira&hellip; <\/p>\n","protected":false},"author":1,"featured_media":104053,"comment_status":"closed","ping_status":"closed","sticky":false,"template":"","format":"standard","meta":{"sfsi_plus_gutenberg_text_before_share":"","sfsi_plus_gutenberg_show_text_before_share":"","sfsi_plus_gutenberg_icon_type":"","sfsi_plus_gutenberg_icon_alignemt":"","sfsi_plus_gutenburg_max_per_row":"","footnotes":""},"categories":[2],"tags":[],"class_list":["post-140409","post","type-post","status-publish","format-standard","has-post-thumbnail","hentry","category-geral"],"_links":{"self":[{"href":"https:\/\/www.caririemacao.com\/1\/wp-json\/wp\/v2\/posts\/140409","targetHints":{"allow":["GET"]}}],"collection":[{"href":"https:\/\/www.caririemacao.com\/1\/wp-json\/wp\/v2\/posts"}],"about":[{"href":"https:\/\/www.caririemacao.com\/1\/wp-json\/wp\/v2\/types\/post"}],"author":[{"embeddable":true,"href":"https:\/\/www.caririemacao.com\/1\/wp-json\/wp\/v2\/users\/1"}],"replies":[{"embeddable":true,"href":"https:\/\/www.caririemacao.com\/1\/wp-json\/wp\/v2\/comments?post=140409"}],"version-history":[{"count":1,"href":"https:\/\/www.caririemacao.com\/1\/wp-json\/wp\/v2\/posts\/140409\/revisions"}],"predecessor-version":[{"id":140410,"href":"https:\/\/www.caririemacao.com\/1\/wp-json\/wp\/v2\/posts\/140409\/revisions\/140410"}],"wp:featuredmedia":[{"embeddable":true,"href":"https:\/\/www.caririemacao.com\/1\/wp-json\/wp\/v2\/media\/104053"}],"wp:attachment":[{"href":"https:\/\/www.caririemacao.com\/1\/wp-json\/wp\/v2\/media?parent=140409"}],"wp:term":[{"taxonomy":"category","embeddable":true,"href":"https:\/\/www.caririemacao.com\/1\/wp-json\/wp\/v2\/categories?post=140409"},{"taxonomy":"post_tag","embeddable":true,"href":"https:\/\/www.caririemacao.com\/1\/wp-json\/wp\/v2\/tags?post=140409"}],"curies":[{"name":"wp","href":"https:\/\/api.w.org\/{rel}","templated":true}]}}