{"id":140418,"date":"2019-12-11T12:51:46","date_gmt":"2019-12-11T15:51:46","guid":{"rendered":"http:\/\/www.caririemacao.com\/1\/?p=140418"},"modified":"2019-12-11T12:51:46","modified_gmt":"2019-12-11T15:51:46","slug":"inmet-alerta-para-perigo-potencial-de-baixa-umidade-em-87-municipios-da-pb","status":"publish","type":"post","link":"https:\/\/www.caririemacao.com\/1\/2019\/12\/11\/inmet-alerta-para-perigo-potencial-de-baixa-umidade-em-87-municipios-da-pb\/","title":{"rendered":"Inmet alerta para perigo potencial de baixa umidade em 87 munic\u00edpios da PB"},"content":{"rendered":"\n<p>O Instituto Nacional de Meteorologia emitiu um alerta de perigo potencial de baixa umidade para 87 munic\u00edpios da Para\u00edba. O aviso come\u00e7ou a valer \u00e0s 12h desta quarta-feira (11) e segue at\u00e9 as 18h.<\/p>\n\n\n\n<p>O aviso de perigo potencial alerta para umidade relativa do ar variando entre 30% e 20% com baixo risco de inc\u00eandios florestais e \u00e0 sa\u00fade em munic\u00edpios do Sert\u00e3o, Cariri e Serid\u00f3.<\/p>\n\n\n\n<p>O Inmet recomenda que as pessoas que estejam nessas cidades bebam bastante l\u00edquido, evitem desgaste f\u00edsico nas horas mais secas e exposi\u00e7\u00e3o ao sol nas horas mais quentes do dia. Para mais informa\u00e7\u00f5es, o Inmet disponibiliza o n\u00famero da Defesa Civil (telefone 199) e do Corpo de Bombeiros (telefone 193).<\/p>\n\n\n\n<p><strong>Confira lista de cidades em alerta amarelo<\/strong><br>Aguiar<br>Aparecida<br>Areia De Bara\u00fanas<br>Bel\u00e9m Do Brejo Do Cruz<br>Bernardino Batista<br>Boa Ventura<br>Bom Jesus<br>Bom Sucesso<br>Bonito De Santa F\u00e9<br>Brejo Do Cruz<br>Brejo Dos Santos<br>Cachoeira Dos \u00cdndios<br>Cacimba De Areia<br>Cacimbas<br>Cajazeiras<br>Cajazeirinhas<br>Carrapateira<br>Catingueira<br>Catol\u00e9 Do Rocha<br>Concei\u00e7\u00e3o<br>Condado<br>Coremas<br>Curral Velho<br>Desterro<br>Diamante<br>Emas<br>Ibiara<br>Igaracy<br>Imaculada<br>Itaporanga<br>Jeric\u00f3<br>Joca Claudino<br>Juru<br>Lagoa<br>Lastro<br>Malta<br>Mana\u00edra<br>Mariz\u00f3polis<br>Mato Grosso<br>Matur\u00e9ia<br>Monte Horebe<br>M\u00e3e D\u2019\u00c1gua<br>Nazarezinho<br>Nova Olinda<br>Olho D\u2019\u00c1gua<br>Passagem<br>Patos<br>Paulista<br>Pedra Branca<br>Pianc\u00f3<br>Pombal<br>Po\u00e7o Dantas<br>Po\u00e7o De Jos\u00e9 De Moura<br>Princesa Isabel<br>Quixab\u00e1<br>Riacho Dos Cavalos<br>Santa Cruz<br>Santa Helena<br>Santa In\u00eas<br>Santa Luzia<br>Santa Teresinha<br>Santana De Mangueira<br>Santana Dos Garrotes<br>Serra Grande<br>Sousa<br>S\u00e3o Bentinho<br>S\u00e3o Bento<br>S\u00e3o Domingos<br>S\u00e3o Francisco<br>S\u00e3o Jos\u00e9 Da Lagoa Tapada<br>S\u00e3o Jos\u00e9 De Caiana<br>S\u00e3o Jos\u00e9 De Espinharas<br>S\u00e3o Jos\u00e9 De Piranhas<br>S\u00e3o Jos\u00e9 De Princesa<br>S\u00e3o Jos\u00e9 Do Bonfim<br>S\u00e3o Jos\u00e9 Do Brejo Do Cruz<br>S\u00e3o Jos\u00e9 Do Sabugi<br>S\u00e3o Jo\u00e3o Do Rio Do Peixe<br>S\u00e3o Mamede<br>Tavares<br>Teixeira<br>Triunfo<br>Uira\u00fana<br>Vieir\u00f3polis<br>Vista Serrana<br>V\u00e1rzea<br>\u00c1gua Branca<\/p>\n","protected":false},"excerpt":{"rendered":"<p>O Instituto Nacional de Meteorologia emitiu um alerta de perigo potencial de baixa umidade para 87 munic\u00edpios da Para\u00edba. O aviso come\u00e7ou a valer \u00e0s&hellip; <\/p>\n","protected":false},"author":1,"featured_media":140419,"comment_status":"closed","ping_status":"closed","sticky":false,"template":"","format":"standard","meta":{"sfsi_plus_gutenberg_text_before_share":"","sfsi_plus_gutenberg_show_text_before_share":"","sfsi_plus_gutenberg_icon_type":"","sfsi_plus_gutenberg_icon_alignemt":"","sfsi_plus_gutenburg_max_per_row":"","footnotes":""},"categories":[6,50],"tags":[],"class_list":["post-140418","post","type-post","status-publish","format-standard","has-post-thumbnail","hentry","category-cidades","category-destaque"],"_links":{"self":[{"href":"https:\/\/www.caririemacao.com\/1\/wp-json\/wp\/v2\/posts\/140418","targetHints":{"allow":["GET"]}}],"collection":[{"href":"https:\/\/www.caririemacao.com\/1\/wp-json\/wp\/v2\/posts"}],"about":[{"href":"https:\/\/www.caririemacao.com\/1\/wp-json\/wp\/v2\/types\/post"}],"author":[{"embeddable":true,"href":"https:\/\/www.caririemacao.com\/1\/wp-json\/wp\/v2\/users\/1"}],"replies":[{"embeddable":true,"href":"https:\/\/www.caririemacao.com\/1\/wp-json\/wp\/v2\/comments?post=140418"}],"version-history":[{"count":1,"href":"https:\/\/www.caririemacao.com\/1\/wp-json\/wp\/v2\/posts\/140418\/revisions"}],"predecessor-version":[{"id":140420,"href":"https:\/\/www.caririemacao.com\/1\/wp-json\/wp\/v2\/posts\/140418\/revisions\/140420"}],"wp:featuredmedia":[{"embeddable":true,"href":"https:\/\/www.caririemacao.com\/1\/wp-json\/wp\/v2\/media\/140419"}],"wp:attachment":[{"href":"https:\/\/www.caririemacao.com\/1\/wp-json\/wp\/v2\/media?parent=140418"}],"wp:term":[{"taxonomy":"category","embeddable":true,"href":"https:\/\/www.caririemacao.com\/1\/wp-json\/wp\/v2\/categories?post=140418"},{"taxonomy":"post_tag","embeddable":true,"href":"https:\/\/www.caririemacao.com\/1\/wp-json\/wp\/v2\/tags?post=140418"}],"curies":[{"name":"wp","href":"https:\/\/api.w.org\/{rel}","templated":true}]}}